{"id":3960,"date":"2019-01-14T22:57:06","date_gmt":"2019-01-15T01:57:06","guid":{"rendered":"http:\/\/gobierno.udd.cl\/cpp\/?p=3960"},"modified":"2019-01-14T22:57:06","modified_gmt":"2019-01-15T01:57:06","slug":"mexico-no-firmo-declaracion-del-grupo-de-lima-sobre-venezuela-teletrece-radio","status":"publish","type":"post","link":"https:\/\/gobierno.udd.cl\/cpp\/noticias\/2019\/01\/14\/mexico-no-firmo-declaracion-del-grupo-de-lima-sobre-venezuela-teletrece-radio\/","title":{"rendered":"M\u00e9xico no firm\u00f3 declaraci\u00f3n del Grupo de Lima sobre Venezuela &#8211; Teletrece Radio"},"content":{"rendered":"<p style=\"text-align: justify;\">El Gobierno de M\u00e9xico decidi\u00f3 este 4 de enero no firmar la \u00faltima Declaraci\u00f3n del Grupo de Lima, en el que los pa\u00edses miembros acordaron no reconocer la \u201clegitimidad\u201d de un nuevo Gobierno de Nicol\u00e1s Maduro y lo instaron a no efectuar la asunci\u00f3n del mando el pr\u00f3ximo 10 de enero.<\/p>\n<p style=\"text-align: justify;\">Habla:<\/p>\n<p style=\"text-align: justify;\">Alfredo Joignant, Acad\u00e9mico Universidad Diego PortalesRodrigo Arellano, vicedecano Facultad de Gobierno Universidad del Desarrollo<\/p>\n<audio class=\"wp-audio-shortcode\" id=\"audio-3960-1\" preload=\"none\" style=\"width: 100%;\" controls=\"controls\"><source type=\"audio\/mpeg\" src=\"http:\/\/conectamedia.s3.amazonaws.com\/b5475895b37b4b23e096fb30acaa8613.mp3?_=1\" \/><a href=\"http:\/\/conectamedia.s3.amazonaws.com\/b5475895b37b4b23e096fb30acaa8613.mp3\">http:\/\/conectamedia.s3.amazonaws.com\/b5475895b37b4b23e096fb30acaa8613.mp3<\/a><\/audio>\n","protected":false},"excerpt":{"rendered":"<p>El Gobierno de M\u00e9xico decidi\u00f3 este 4 de enero no firmar la \u00faltima Declaraci\u00f3n del Grupo de Lima, en el que los pa\u00edses miembros acordaron no reconocer la \u201clegitimidad\u201d de un nuevo Gobierno de Nicol\u00e1s Maduro y lo instaron a no efectuar la asunci\u00f3n del mando el pr\u00f3ximo 10 de enero. Habla: Alfredo Joignant, Acad\u00e9mico [&hellip;]<\/p>\n","protected":false},"author":22,"featured_media":893,"comment_status":"open","ping_status":"open","sticky":false,"template":"","format":"standard","meta":{"footnotes":""},"categories":[10162],"tags":[],"class_list":["post-3960","post","type-post","status-publish","format-standard","has-post-thumbnail","hentry","category-centro-en-la-prensa"],"featured_image_url":"https:\/\/gobierno.udd.cl\/cpp\/files\/2015\/05\/udd_cpp_prensa_340.png","_links":{"self":[{"href":"https:\/\/gobierno.udd.cl\/cpp\/wp-json\/wp\/v2\/posts\/3960","targetHints":{"allow":["GET"]}}],"collection":[{"href":"https:\/\/gobierno.udd.cl\/cpp\/wp-json\/wp\/v2\/posts"}],"about":[{"href":"https:\/\/gobierno.udd.cl\/cpp\/wp-json\/wp\/v2\/types\/post"}],"author":[{"embeddable":true,"href":"https:\/\/gobierno.udd.cl\/cpp\/wp-json\/wp\/v2\/users\/22"}],"replies":[{"embeddable":true,"href":"https:\/\/gobierno.udd.cl\/cpp\/wp-json\/wp\/v2\/comments?post=3960"}],"version-history":[{"count":1,"href":"https:\/\/gobierno.udd.cl\/cpp\/wp-json\/wp\/v2\/posts\/3960\/revisions"}],"predecessor-version":[{"id":3961,"href":"https:\/\/gobierno.udd.cl\/cpp\/wp-json\/wp\/v2\/posts\/3960\/revisions\/3961"}],"wp:featuredmedia":[{"embeddable":true,"href":"https:\/\/gobierno.udd.cl\/cpp\/wp-json\/wp\/v2\/media\/893"}],"wp:attachment":[{"href":"https:\/\/gobierno.udd.cl\/cpp\/wp-json\/wp\/v2\/media?parent=3960"}],"wp:term":[{"taxonomy":"category","embeddable":true,"href":"https:\/\/gobierno.udd.cl\/cpp\/wp-json\/wp\/v2\/categories?post=3960"},{"taxonomy":"post_tag","embeddable":true,"href":"https:\/\/gobierno.udd.cl\/cpp\/wp-json\/wp\/v2\/tags?post=3960"}],"curies":[{"name":"wp","href":"https:\/\/api.w.org\/{rel}","templated":true}]}}