{"id":3958,"date":"2019-01-14T22:53:43","date_gmt":"2019-01-15T01:53:43","guid":{"rendered":"http:\/\/gobierno.udd.cl\/cpp\/?p=3958"},"modified":"2019-01-14T22:53:43","modified_gmt":"2019-01-15T01:53:43","slug":"ministro-larrain-defiende-designacion-de-fernanda-bachelet-teletrece-radio","status":"publish","type":"post","link":"https:\/\/gobierno.udd.cl\/cpp\/noticias\/2019\/01\/14\/ministro-larrain-defiende-designacion-de-fernanda-bachelet-teletrece-radio\/","title":{"rendered":"Ministro Larra\u00edn defiende designaci\u00f3n de Fernanda Bachelet &#8211; Teletrece Radio"},"content":{"rendered":"<p style=\"text-align: justify;\">Esta ma\u00f1ana, el ministro de Hacienda, Felipe Larra\u00edn, se refiri\u00f3 al pol\u00e9mico nombramiento de Fernanda Bachelet como agregada comercial en Nueva York, Estados Unidos. Cabe recordar que la ingeniera comercial de 27 a\u00f1os es hija del empresario Ricardo Bachelet, amigo y socio comercial por a\u00f1os del presidente Sebasti\u00e1n Pi\u00f1era.<\/p>\n<p style=\"text-align: justify;\">Habla:<\/p>\n<p style=\"text-align: justify;\">Alfredo Joignant, Acad\u00e9mico Universidad Diego PortalesRodrigo Arellano, vicedecano Facultad de Gobierno Universidad del Desarrollo<\/p>\n<audio class=\"wp-audio-shortcode\" id=\"audio-3958-1\" preload=\"none\" style=\"width: 100%;\" controls=\"controls\"><source type=\"audio\/mpeg\" src=\"http:\/\/conectamedia.s3.amazonaws.com\/5683ff1c7d2099ea7d22844643fb462d.mp3?_=1\" \/><a href=\"http:\/\/conectamedia.s3.amazonaws.com\/5683ff1c7d2099ea7d22844643fb462d.mp3\">http:\/\/conectamedia.s3.amazonaws.com\/5683ff1c7d2099ea7d22844643fb462d.mp3<\/a><\/audio>\n<p>&nbsp;<\/p>\n<p>&nbsp;<\/p>\n","protected":false},"excerpt":{"rendered":"<p>Esta ma\u00f1ana, el ministro de Hacienda, Felipe Larra\u00edn, se refiri\u00f3 al pol\u00e9mico nombramiento de Fernanda Bachelet como agregada comercial en Nueva York, Estados Unidos. Cabe recordar que la ingeniera comercial de 27 a\u00f1os es hija del empresario Ricardo Bachelet, amigo y socio comercial por a\u00f1os del presidente Sebasti\u00e1n Pi\u00f1era. Habla: Alfredo Joignant, Acad\u00e9mico Universidad Diego [&hellip;]<\/p>\n","protected":false},"author":22,"featured_media":893,"comment_status":"open","ping_status":"open","sticky":false,"template":"","format":"standard","meta":{"footnotes":""},"categories":[10162],"tags":[],"class_list":["post-3958","post","type-post","status-publish","format-standard","has-post-thumbnail","hentry","category-centro-en-la-prensa"],"featured_image_url":"https:\/\/gobierno.udd.cl\/cpp\/files\/2015\/05\/udd_cpp_prensa_340.png","_links":{"self":[{"href":"https:\/\/gobierno.udd.cl\/cpp\/wp-json\/wp\/v2\/posts\/3958","targetHints":{"allow":["GET"]}}],"collection":[{"href":"https:\/\/gobierno.udd.cl\/cpp\/wp-json\/wp\/v2\/posts"}],"about":[{"href":"https:\/\/gobierno.udd.cl\/cpp\/wp-json\/wp\/v2\/types\/post"}],"author":[{"embeddable":true,"href":"https:\/\/gobierno.udd.cl\/cpp\/wp-json\/wp\/v2\/users\/22"}],"replies":[{"embeddable":true,"href":"https:\/\/gobierno.udd.cl\/cpp\/wp-json\/wp\/v2\/comments?post=3958"}],"version-history":[{"count":1,"href":"https:\/\/gobierno.udd.cl\/cpp\/wp-json\/wp\/v2\/posts\/3958\/revisions"}],"predecessor-version":[{"id":3959,"href":"https:\/\/gobierno.udd.cl\/cpp\/wp-json\/wp\/v2\/posts\/3958\/revisions\/3959"}],"wp:featuredmedia":[{"embeddable":true,"href":"https:\/\/gobierno.udd.cl\/cpp\/wp-json\/wp\/v2\/media\/893"}],"wp:attachment":[{"href":"https:\/\/gobierno.udd.cl\/cpp\/wp-json\/wp\/v2\/media?parent=3958"}],"wp:term":[{"taxonomy":"category","embeddable":true,"href":"https:\/\/gobierno.udd.cl\/cpp\/wp-json\/wp\/v2\/categories?post=3958"},{"taxonomy":"post_tag","embeddable":true,"href":"https:\/\/gobierno.udd.cl\/cpp\/wp-json\/wp\/v2\/tags?post=3958"}],"curies":[{"name":"wp","href":"https:\/\/api.w.org\/{rel}","templated":true}]}}