{"id":3956,"date":"2019-01-14T22:44:14","date_gmt":"2019-01-15T01:44:14","guid":{"rendered":"http:\/\/gobierno.udd.cl\/cpp\/?p=3956"},"modified":"2019-01-14T22:44:14","modified_gmt":"2019-01-15T01:44:14","slug":"rodrigo-arellano-vicedecano-de-la-facultad-de-gobierno-de-la-universidad-del-desarrollo-radio-concierto","status":"publish","type":"post","link":"https:\/\/gobierno.udd.cl\/cpp\/noticias\/2019\/01\/14\/rodrigo-arellano-vicedecano-de-la-facultad-de-gobierno-de-la-universidad-del-desarrollo-radio-concierto\/","title":{"rendered":"Rodrigo Arellano, vicedecano de la Facultad de Gobierno de la Universidad del Desarrollo &#8211; Radio Concierto"},"content":{"rendered":"<p style=\"text-align: justify;\">\u00abEl Gobierno perdi\u00f3 la agenda\u00bb dice Arellano en su an\u00e1lisis de lo que significa una nueva pol\u00e9mica que presiona la figura del ministro del Interior, Andr\u00e9s Chadwick y que tensiona nuevamente a La Moneda.<\/p>\n<p style=\"text-align: justify;\">\u00abEn comparaci\u00f3n a otros casos, como fue el movimiento feminista, el Caso Catrillanca no ha podido ser cortado. Cuando remueven a Soto el tema se estaba intentando soltar y se generan otros desaciertos pero esta entrega de informaci\u00f3n por goteo de parte de Carabineros, no permite pasar al Plan Araucan\u00eda\u00bb \u00abChadwick era uno de los ministros fijos para terminar los cuatro a\u00f1os, no s\u00f3lo por su cercan\u00eda con el presidente si no por su olfato pol\u00edtico pero ha sido golpeado muy fuerte, aunque a\u00fan le queda algo de cuenta corriente\u00bb<\/p>\n<p style=\"text-align: justify;\">Habla: Rodrigo Arellano, vicedecano de la Facultad de Gobierno de la Universidad del Desarrollo.<\/p>\n<audio class=\"wp-audio-shortcode\" id=\"audio-3956-1\" preload=\"none\" style=\"width: 100%;\" controls=\"controls\"><source type=\"audio\/mpeg\" src=\"http:\/\/conectamedia.s3.amazonaws.com\/f1dea806e6238fa1871203328d9843b4.mp3?_=1\" \/><a href=\"http:\/\/conectamedia.s3.amazonaws.com\/f1dea806e6238fa1871203328d9843b4.mp3\">http:\/\/conectamedia.s3.amazonaws.com\/f1dea806e6238fa1871203328d9843b4.mp3<\/a><\/audio>\n<p>&nbsp;<\/p>\n","protected":false},"excerpt":{"rendered":"<p>\u00abEl Gobierno perdi\u00f3 la agenda\u00bb dice Arellano en su an\u00e1lisis de lo que significa una nueva pol\u00e9mica que presiona la figura del ministro del Interior, Andr\u00e9s Chadwick y que tensiona nuevamente a La Moneda. \u00abEn comparaci\u00f3n a otros casos, como fue el movimiento feminista, el Caso Catrillanca no ha podido ser cortado. Cuando remueven a [&hellip;]<\/p>\n","protected":false},"author":22,"featured_media":893,"comment_status":"open","ping_status":"open","sticky":false,"template":"","format":"standard","meta":{"footnotes":""},"categories":[10162],"tags":[],"class_list":["post-3956","post","type-post","status-publish","format-standard","has-post-thumbnail","hentry","category-centro-en-la-prensa"],"featured_image_url":"https:\/\/gobierno.udd.cl\/cpp\/files\/2015\/05\/udd_cpp_prensa_340.png","_links":{"self":[{"href":"https:\/\/gobierno.udd.cl\/cpp\/wp-json\/wp\/v2\/posts\/3956","targetHints":{"allow":["GET"]}}],"collection":[{"href":"https:\/\/gobierno.udd.cl\/cpp\/wp-json\/wp\/v2\/posts"}],"about":[{"href":"https:\/\/gobierno.udd.cl\/cpp\/wp-json\/wp\/v2\/types\/post"}],"author":[{"embeddable":true,"href":"https:\/\/gobierno.udd.cl\/cpp\/wp-json\/wp\/v2\/users\/22"}],"replies":[{"embeddable":true,"href":"https:\/\/gobierno.udd.cl\/cpp\/wp-json\/wp\/v2\/comments?post=3956"}],"version-history":[{"count":1,"href":"https:\/\/gobierno.udd.cl\/cpp\/wp-json\/wp\/v2\/posts\/3956\/revisions"}],"predecessor-version":[{"id":3957,"href":"https:\/\/gobierno.udd.cl\/cpp\/wp-json\/wp\/v2\/posts\/3956\/revisions\/3957"}],"wp:featuredmedia":[{"embeddable":true,"href":"https:\/\/gobierno.udd.cl\/cpp\/wp-json\/wp\/v2\/media\/893"}],"wp:attachment":[{"href":"https:\/\/gobierno.udd.cl\/cpp\/wp-json\/wp\/v2\/media?parent=3956"}],"wp:term":[{"taxonomy":"category","embeddable":true,"href":"https:\/\/gobierno.udd.cl\/cpp\/wp-json\/wp\/v2\/categories?post=3956"},{"taxonomy":"post_tag","embeddable":true,"href":"https:\/\/gobierno.udd.cl\/cpp\/wp-json\/wp\/v2\/tags?post=3956"}],"curies":[{"name":"wp","href":"https:\/\/api.w.org\/{rel}","templated":true}]}}