{"id":3953,"date":"2019-01-14T22:39:43","date_gmt":"2019-01-15T01:39:43","guid":{"rendered":"http:\/\/gobierno.udd.cl\/cpp\/?p=3953"},"modified":"2019-01-14T22:39:43","modified_gmt":"2019-01-15T01:39:43","slug":"entrevista-academico-facultad-de-gobierno-udd-por-aliados-y-detractores-de-maduro-radio-infinita","status":"publish","type":"post","link":"https:\/\/gobierno.udd.cl\/cpp\/noticias\/2019\/01\/14\/entrevista-academico-facultad-de-gobierno-udd-por-aliados-y-detractores-de-maduro-radio-infinita\/","title":{"rendered":"Entrevista acad\u00e9mico Facultad de Gobierno UDD por aliados y detractores de Maduro &#8211; Radio Infinita"},"content":{"rendered":"<p style=\"text-align: justify;\">Se analizan los efectos existentes y los que se proyectan respecto al segundo mandato de Nicol\u00e1s Maduro en Venezuela. Se analiza adem\u00e1s qui\u00e9nes son sus aliados y detractores a nivel mundial.<\/p>\n<p style=\"text-align: justify;\">Habla:\u00a0Jorge Sanz, acad\u00e9mico Facultad de Gobierno de Universidad del Desarrollo<\/p>\n<audio class=\"wp-audio-shortcode\" id=\"audio-3953-1\" preload=\"none\" style=\"width: 100%;\" controls=\"controls\"><source type=\"audio\/mpeg\" src=\"http:\/\/conectamedia.s3.amazonaws.com\/fe5e76bf6c149e75573f1f8870c90d3a.mp3?_=1\" \/><a href=\"http:\/\/conectamedia.s3.amazonaws.com\/fe5e76bf6c149e75573f1f8870c90d3a.mp3\">http:\/\/conectamedia.s3.amazonaws.com\/fe5e76bf6c149e75573f1f8870c90d3a.mp3<\/a><\/audio>\n","protected":false},"excerpt":{"rendered":"<p>Se analizan los efectos existentes y los que se proyectan respecto al segundo mandato de Nicol\u00e1s Maduro en Venezuela. Se analiza adem\u00e1s qui\u00e9nes son sus aliados y detractores a nivel mundial. Habla:\u00a0Jorge Sanz, acad\u00e9mico Facultad de Gobierno de Universidad del Desarrollo http:\/\/conectamedia.s3.amazonaws.com\/fe5e76bf6c149e75573f1f8870c90d3a.mp3<\/p>\n","protected":false},"author":22,"featured_media":893,"comment_status":"open","ping_status":"open","sticky":false,"template":"","format":"standard","meta":{"footnotes":""},"categories":[10162],"tags":[],"class_list":["post-3953","post","type-post","status-publish","format-standard","has-post-thumbnail","hentry","category-centro-en-la-prensa"],"featured_image_url":"https:\/\/gobierno.udd.cl\/cpp\/files\/2015\/05\/udd_cpp_prensa_340.png","_links":{"self":[{"href":"https:\/\/gobierno.udd.cl\/cpp\/wp-json\/wp\/v2\/posts\/3953","targetHints":{"allow":["GET"]}}],"collection":[{"href":"https:\/\/gobierno.udd.cl\/cpp\/wp-json\/wp\/v2\/posts"}],"about":[{"href":"https:\/\/gobierno.udd.cl\/cpp\/wp-json\/wp\/v2\/types\/post"}],"author":[{"embeddable":true,"href":"https:\/\/gobierno.udd.cl\/cpp\/wp-json\/wp\/v2\/users\/22"}],"replies":[{"embeddable":true,"href":"https:\/\/gobierno.udd.cl\/cpp\/wp-json\/wp\/v2\/comments?post=3953"}],"version-history":[{"count":2,"href":"https:\/\/gobierno.udd.cl\/cpp\/wp-json\/wp\/v2\/posts\/3953\/revisions"}],"predecessor-version":[{"id":3955,"href":"https:\/\/gobierno.udd.cl\/cpp\/wp-json\/wp\/v2\/posts\/3953\/revisions\/3955"}],"wp:featuredmedia":[{"embeddable":true,"href":"https:\/\/gobierno.udd.cl\/cpp\/wp-json\/wp\/v2\/media\/893"}],"wp:attachment":[{"href":"https:\/\/gobierno.udd.cl\/cpp\/wp-json\/wp\/v2\/media?parent=3953"}],"wp:term":[{"taxonomy":"category","embeddable":true,"href":"https:\/\/gobierno.udd.cl\/cpp\/wp-json\/wp\/v2\/categories?post=3953"},{"taxonomy":"post_tag","embeddable":true,"href":"https:\/\/gobierno.udd.cl\/cpp\/wp-json\/wp\/v2\/tags?post=3953"}],"curies":[{"name":"wp","href":"https:\/\/api.w.org\/{rel}","templated":true}]}}