{"id":3940,"date":"2019-01-14T17:13:43","date_gmt":"2019-01-14T20:13:43","guid":{"rendered":"http:\/\/gobierno.udd.cl\/cpp\/?p=3940"},"modified":"2019-01-14T17:13:43","modified_gmt":"2019-01-14T20:13:43","slug":"como-radicar-en-la-esfera-judicial-el-proceso-por-la-muerte-de-camilo-catrillanca-la-segunda","status":"publish","type":"post","link":"https:\/\/gobierno.udd.cl\/cpp\/noticias\/2019\/01\/14\/como-radicar-en-la-esfera-judicial-el-proceso-por-la-muerte-de-camilo-catrillanca-la-segunda\/","title":{"rendered":"C\u00f3mo radicar en la esfera judicial el proceso por la muerte de Camilo Catrillanca &#8211; La Segunda"},"content":{"rendered":"<p style=\"text-align: justify;\">\u201cSeguir haciendo su trabajo es lo principal\u2026 y rogar que no aparezcan m\u00e1s cosas raras que entorpezcan su camino\u201d. La apreciaci\u00f3n del senador PS y ex ministro del Interior Jos\u00e9 Miguel Insulza sobre el momento que vive el Gobierno, en medio de las investigaciones por la responsabilidad de Carabineros en la muerte del comunero mapuche Camilo Catrillanca, evidencia la sensaci\u00f3n t\u00e9rmica en La Moneda: que cualquier nuevo trascendido judicial de un WhatsApp u otra situaci\u00f3n inesperada pueda tomarse \u2014otra vez\u2014 la agenda del Ejecutivo.<\/p>\n<p style=\"text-align: justify;\">Como esta semana, cuando no hubo mucho espacio para lucir el auspicioso Imacec de 3,1% en noviembre, ante el hurac\u00e1n que provoc\u00f3 la declaraci\u00f3n del general (r) Mauro Victtoriano en la fiscal\u00eda.<\/p>\n<p style=\"text-align: justify;\">La agenda del gabinete qued\u00f3 desplazada y se elev\u00f3 la presi\u00f3n hacia el Presidente Sebasti\u00e1n Pi\u00f1era, quien debi\u00f3 interrumpir su viaje a Magallanes y salir a respaldar a su mano derecha, Andr\u00e9s Chadwick. Es efectivo que la acusaci\u00f3n constitucional anunciada en contra del ministro del Interior hoy no encuentra piso, pero el establecimiento de un equipo de expertos para analizarla \u2014con incierto fin\u2014 servir\u00e1 a la oposici\u00f3n para mantener la idea en alto, m\u00e1s a\u00fan con la ya instalada comisi\u00f3n investigadora que, con su larga ritualidad (se hab\u00eda aprobado hace un mes y se constituy\u00f3 este mi\u00e9rcoles) y sus 120 d\u00edas para emitir informe, tendr\u00e1 en marzo desfilando a autoridades en el Parlamento. Con ese escaso margen de maniobra, \u00bfc\u00f3mo puede el Gobierno retomar el control de su agenda?<\/p>\n<p style=\"text-align: justify;\">La Segunda consult\u00f3 a seis ex ministros del Interior \u2014que tambi\u00e9n vivieron complejos momentos con Carabineros y no siempre con \u00e9xito\u2014, al ex secretario de Comunicaciones, Carlos Correa, al historiador, Joaqu\u00edn Fermandois (ver entrevistas) y a encuest\u00f3logos, quienes, reconociendo las complejidades de lo que se vive en La Araucan\u00eda, recomiendan v\u00edas para navegar en este episodio.<\/p>\n<p style=\"text-align: justify;\"><strong>S\u00f3lo en la justicia<\/strong><\/p>\n<p style=\"text-align: justify;\">De todos los efectos que en dos meses ha significado para La Moneda el caso Catrillanca (ver recuadro), a juicio del ex ministro PPD Francisco Vidal \u201cla p\u00e9rdida m\u00e1s sensible que ha tenido el Gobierno es la de autoridad frente a Carabineros.<\/p>\n<p style=\"text-align: justify;\">Todo gobierno requiere autoridad sobre las instituciones\u201d. En este contexto, tanto Vidal como Jos\u00e9 Miguel Insulza (PS) y Andr\u00e9s Zald\u00edvar (DC) \u2014lo cual reafirma Carlos Correa\u2014 plantean como primer punto el radicar el caso en sede judicial y, en paralelo, impulsar decididamente las reformas.\u201cLa \u00fanica manera que tiene Pi\u00f1era de salir del embrollo por el asesinato de Catrillanca es, en mi opini\u00f3n, confiar plenamente en la justicia y que \u00e9sta establezca una verdad judicial\u201d, dice Vidal.\u201cDejar que el caso lo lleve la Fiscal\u00eda, no meterse mucho m\u00e1s en \u00e9l\u201d, recomienda Insulza, pero advierte que \u201cseguramente, va a haber muchas otras cosas.<\/p>\n<p style=\"text-align: justify;\">Est\u00e1 claro que hay gente que probablemente va a seguir dando informaciones y seguir\u00e1 habiendo esc\u00e1ndalos\u201d. En la misma l\u00ednea, Zald\u00edvar remarca que \u201cal pueblo mapuche y afectados les interesa que se resuelva el tema, y a Carabineros tambi\u00e9n\u201d. A\u00f1ade que es clave que la investigaci\u00f3n \u201cno se prolongue por seis, siete, ocho meses\u201d, lo cual no es resorte del Ejecutivo, pero \u00e9ste s\u00ed podr\u00eda hacer \u201cque sus abogados pongan m\u00e1s exigencias\u201d al Ministerio P\u00fablico.<\/p>\n<p style=\"text-align: justify;\">Como segundo punto, Vidal se\u00f1ala que, en simult\u00e1neo, \u201chay que realizar todas las reformas de Carabineros, para que nunca m\u00e1s se produzca esto\u201d, aunque reconoce que el Gobierno ya lo empez\u00f3 a hacer.<\/p>\n<p style=\"text-align: justify;\">Pero sostiene que, con estas dos rutas centrales (Fiscal\u00eda y reformas), \u201ccada hecho que surja va a ser menos impactante\u201d. Pese a lo anterior, casi pas\u00f3 inadvertido que el mi\u00e9rcoles la Sala del Senado aprob\u00f3 por 37 votos a favor y s\u00f3lo una abstenci\u00f3n la idea de legislar del proyecto sobre modernizaci\u00f3n y probidad de las Fuerzas de Orden y Seguridad P\u00fablica.<\/p>\n<p style=\"text-align: justify;\">Pero Insulza insiste: \u201cEs natural que si el Presidente sale a declarar solemnemente que su ministro del Interior es de su confianza, ese d\u00eda es noticia de primera plana. Estoy seguro de que si logran las reformas importantes, eso va a ser una noticia fundamental.<\/p>\n<p style=\"text-align: justify;\">S\u00ed es importante que esos logros, como lo fueron reformas de otros per\u00edodos, sean de todos, y no s\u00f3lo triunfos del Gobierno o de la oposici\u00f3n\u201d. Zald\u00edvar remarca que no hay que soltar los temas pendientes, lo que no s\u00f3lo incluye La Araucan\u00eda, sino que tambi\u00e9n \u201creforma tributaria, previsional, la salud\u201d. Jorge Burgos (DC) parte de la base de que \u201cva a ser muy dif\u00edcil que los gobiernos puedan salirse del tema de la macrozona de La Araucan\u00eda.<\/p>\n<p style=\"text-align: justify;\">\u201cM\u00e1s all\u00e1 de que reconozco que el hecho de que ahora se est\u00e9 investigando un homicidio por carabineros es grave\u201d. En este contexto, dice: \u201cAl plan de Alfredo Moreno o el anterior hay que ponerle empe\u00f1o en que funcione\u201d y, en paralelo, \u201cno puede haber un abandono de la seguridad p\u00fablica\u201d.<\/p>\n<p style=\"text-align: justify;\">Agrega que junto a establecer mesas de conversaci\u00f3n, hay que dar se\u00f1ales pol\u00edticas \u201cpoderosas\u201d como \u201cponer de una vez por todas discusi\u00f3n inmediata a la reforma constitucional de los pueblos originarios\u201d.<\/p>\n<p style=\"text-align: justify;\"><strong>Muestra de autoridad frente a la opini\u00f3n p\u00fablica<\/strong><\/p>\n<p style=\"text-align: justify;\">Pero cuando la agenda legislativa no es suficiente, qu\u00e9 acciones se realizan ante la opini\u00f3n p\u00fablica para \u201ccambiar el foco de la conversaci\u00f3n\u201d, \u201cdistraer la atenci\u00f3n\u201d y \u201ctomar el toro por las astas\u201d, como se se\u00f1ala entre los encuest\u00f3logos. Catalina Correia, directora de Marketing de GfK Adimark sostiene que, cuando se concrete la reforma a Carabineros, se podr\u00e1 \u201cdecir al pa\u00eds \u2018ocurri\u00f3 esto, pero lo vamos a arreglar, no vamos a barrer bajo la alfombra y s\u00ed vamos a cambiar esta instituci\u00f3n totalmente\u2019.<\/p>\n<p style=\"text-align: justify;\">Algo que va m\u00e1s all\u00e1 de Catrillanca y m\u00e1s all\u00e1 del gobierno de Pi\u00f1era.<\/p>\n<p style=\"text-align: justify;\">Es un tema donde se puede dar un golpe a la mesa\u201d, opina.Pero tambi\u00e9n Correia aconseja un tema de estilo: \u201cPi\u00f1era est\u00e1 un poco en deuda en el liderazgo del tipo m\u00e1s patriarcal, m\u00e1s de Ricardo Lagos.<\/p>\n<p style=\"text-align: justify;\">\u201cLe falta un rol m\u00e1s duro y deber\u00eda tomarlo\u201d. Cristi\u00e1n Valdivieso, director de Criteria Research \u2014una de las encuestas que midieron el impacto en el gabinete, donde el m\u00e1s afectado ante la opini\u00f3n p\u00fablica fue Chadwick\u2014, coincide con la necesidad de comunicar ideas potentes: \u201cDesde el punto de vista de la ciudadan\u00eda, es muy importante la reforma del sistema de pensiones\u201d y sugiere humanizar su difusi\u00f3n, para que pueda tener una mejor y m\u00e1s fluida recepci\u00f3n.<\/p>\n<p style=\"text-align: justify;\">\u201cSe tiene que desplegar con c\u00f3digos ciudadanos, que sean f\u00e1cilmente entendibles. Un problema es que la palabra reforma tiene una connotaci\u00f3n negativa. Hay que buscar otras palabras que generen credibilidad\u201d.<\/p>\n<p style=\"text-align: justify;\"><strong>Para Eugenio Guzm\u00e1n, acad\u00e9mico de la\u00a0<span class=\"highlight\">UDD<\/span>, a cargo de sondeos de opini\u00f3n de La Moneda, \u201cPi\u00f1era tiene que seguir con su agenda e ir haciendo gestos.\u00a0<\/strong>En lo concreto, es muy probable que haya movidas t\u00e1cticas como lo que se ha hablado en la l\u00ednea de proyectos de cuotas parlamentarias o de reconocimiento ind\u00edgena u otras cosas que van a quitarle bastante presi\u00f3n al tema\u201d. Correia cree, sin embargo, que no hay manera de impedir que el tema vuelva a tomarse la agenda si surgen nuevos antecedentes: \u201cEso ya se instal\u00f3.<\/p>\n<p style=\"text-align: justify;\">\u201cEs y ser\u00e1 as\u00ed\u201d, dice Velasco \u201cYo ten\u00eda informantes\u201d Belisario Velasco (DC) pone otro foco sobre la mesa: la inteligencia.<\/p>\n<p style=\"text-align: justify;\">\u201cEl Ministerio del Interior tiene la obligaci\u00f3n constitucional y legislativa de velar por la seguridad de todos los chilenos, y de los extranjeros que viven en Chile. Y la informaci\u00f3n la recibe de Carabineros y de Investigaciones, pero el problema en este caso era precisamente con Carabineros.<\/p>\n<p style=\"text-align: justify;\">Yo, cuando desempe\u00f1\u00e9 el cargo, ten\u00eda informantes\u201d, afirma. \u201cEso les molestaba a algunos parlamentarios, incluso a Chadwick y a Hern\u00e1n Larra\u00edn (hoy titular de Justicia).<\/p>\n<p style=\"text-align: justify;\">Se necesitan, porque Interior tiene la obligaci\u00f3n de anticiparse a los hechos y no que despu\u00e9s se diga \u2018vamos a tener la mano firme con quienes sean los responsables\u2019; eso no sirve\u201d. Insiste en que \u201clos informantes no son para averiguar sobre la vida particular de los parlamentarios o de la gente, sino para evitar que sucedan hechos delictuales que despu\u00e9s el pa\u00eds tenga que lamentar (\u2026).<\/p>\n<p style=\"text-align: justify;\">Si Carabineros no me dec\u00eda lo que ocurr\u00eda, yo ten\u00eda informantes muy eficientes que me daban los antecedentes para hacer las preguntas pertinentes y aclarar la situaci\u00f3n\u201d.\u201cEn este caso, todav\u00eda no sabemos cu\u00e1l es la verdad absoluta\u201d, critica Velasco, por lo que descarta hacer recomendaciones o entrar en el tema de la acusaci\u00f3n.<\/p>\n<p style=\"text-align: justify;\">S\u00ed afirma sobre Pi\u00f1era: \u201cAl Presidente hay que entregarle hechos ver\u00eddicos para que pueda tomar determinaciones y eso corresponde a sus ministros.<br \/>\nChadwick debiese asumir el rol de aclararle al Presidente cu\u00e1l es la situaci\u00f3n real\u201d. As\u00ed, advierte: \u201cMientras no aclaren una situaci\u00f3n que ha conmovido al pa\u00eds, va a ser dif\u00edcil implementar otras medidas. Se puede hacer y hay que hacerlo. Yo por lo menos, deseo que al Gobierno le vaya bien\u201d.Enrique Krauss (DC) tambi\u00e9n apunta a la inteligencia.<\/p>\n<p style=\"text-align: justify;\">\u201cHay que cambiar el ojo del debate, aqu\u00ed todo lo meten en el saco de Carabineros, que es cierto que existe (\u2026).<\/p>\n<p style=\"text-align: justify;\">Pero, \u00bfqu\u00e9 hace la ANI? \u00bfQu\u00e9 hacen las direcciones de inteligencia de las Fuerzas Armadas, que son coadyuvantes de lo que pueden hacer Carabineros y la Polic\u00eda de Investigaciones? Silencio, como en el tango\u201d.Mientras que, contactados, los ex ministros Edmundo P\u00e9rez Yoma (DC) y Rodrigo Hinzpeter (RN), descartaron hacer declaraciones para este art\u00edculo.Dicho todo, Vidal concluye: \u201cDepende del Gobierno y su habilidad si perder\u00e1 el control de la agenda cada vez que aparezca un nuevo antecedente\u201d.<\/p>\n<p style=\"text-align: justify;\"><a href=\"\/\/gobierno.udd.cl\/cpp\/files\/2019\/01\/La-Segunda.jpg\"><img loading=\"lazy\" decoding=\"async\" class=\"size-medium wp-image-3941 aligncenter\" src=\"\/\/gobierno.udd.cl\/cpp\/files\/2019\/01\/La-Segunda-231x300.jpg\" alt=\"\" width=\"231\" height=\"300\" srcset=\"https:\/\/gobierno.udd.cl\/cpp\/files\/2019\/01\/La-Segunda-231x300.jpg 231w, https:\/\/gobierno.udd.cl\/cpp\/files\/2019\/01\/La-Segunda-768x996.jpg 768w, https:\/\/gobierno.udd.cl\/cpp\/files\/2019\/01\/La-Segunda-790x1024.jpg 790w, https:\/\/gobierno.udd.cl\/cpp\/files\/2019\/01\/La-Segunda-740x960.jpg 740w, https:\/\/gobierno.udd.cl\/cpp\/files\/2019\/01\/La-Segunda.jpg 1440w\" sizes=\"auto, (max-width: 231px) 100vw, 231px\" \/><\/a><\/p>\n","protected":false},"excerpt":{"rendered":"<p>\u201cSeguir haciendo su trabajo es lo principal\u2026 y rogar que no aparezcan m\u00e1s cosas raras que entorpezcan su camino\u201d. La apreciaci\u00f3n del senador PS y ex ministro del Interior Jos\u00e9 Miguel Insulza sobre el momento que vive el Gobierno, en medio de las investigaciones por la responsabilidad de Carabineros en la muerte del comunero mapuche [&hellip;]<\/p>\n","protected":false},"author":22,"featured_media":893,"comment_status":"open","ping_status":"open","sticky":false,"template":"","format":"standard","meta":{"footnotes":""},"categories":[10162],"tags":[],"class_list":["post-3940","post","type-post","status-publish","format-standard","has-post-thumbnail","hentry","category-centro-en-la-prensa"],"featured_image_url":"https:\/\/gobierno.udd.cl\/cpp\/files\/2015\/05\/udd_cpp_prensa_340.png","_links":{"self":[{"href":"https:\/\/gobierno.udd.cl\/cpp\/wp-json\/wp\/v2\/posts\/3940","targetHints":{"allow":["GET"]}}],"collection":[{"href":"https:\/\/gobierno.udd.cl\/cpp\/wp-json\/wp\/v2\/posts"}],"about":[{"href":"https:\/\/gobierno.udd.cl\/cpp\/wp-json\/wp\/v2\/types\/post"}],"author":[{"embeddable":true,"href":"https:\/\/gobierno.udd.cl\/cpp\/wp-json\/wp\/v2\/users\/22"}],"replies":[{"embeddable":true,"href":"https:\/\/gobierno.udd.cl\/cpp\/wp-json\/wp\/v2\/comments?post=3940"}],"version-history":[{"count":1,"href":"https:\/\/gobierno.udd.cl\/cpp\/wp-json\/wp\/v2\/posts\/3940\/revisions"}],"predecessor-version":[{"id":3942,"href":"https:\/\/gobierno.udd.cl\/cpp\/wp-json\/wp\/v2\/posts\/3940\/revisions\/3942"}],"wp:featuredmedia":[{"embeddable":true,"href":"https:\/\/gobierno.udd.cl\/cpp\/wp-json\/wp\/v2\/media\/893"}],"wp:attachment":[{"href":"https:\/\/gobierno.udd.cl\/cpp\/wp-json\/wp\/v2\/media?parent=3940"}],"wp:term":[{"taxonomy":"category","embeddable":true,"href":"https:\/\/gobierno.udd.cl\/cpp\/wp-json\/wp\/v2\/categories?post=3940"},{"taxonomy":"post_tag","embeddable":true,"href":"https:\/\/gobierno.udd.cl\/cpp\/wp-json\/wp\/v2\/tags?post=3940"}],"curies":[{"name":"wp","href":"https:\/\/api.w.org\/{rel}","templated":true}]}}