{"id":3937,"date":"2019-01-14T17:11:31","date_gmt":"2019-01-14T20:11:31","guid":{"rendered":"http:\/\/gobierno.udd.cl\/cpp\/?p=3937"},"modified":"2019-01-14T17:11:31","modified_gmt":"2019-01-14T20:11:31","slug":"cuatro-ministros-niegan-cambio-de-gabinete-pero-idea-se-instala-en-chile-vamos-la-segunda","status":"publish","type":"post","link":"https:\/\/gobierno.udd.cl\/cpp\/noticias\/2019\/01\/14\/cuatro-ministros-niegan-cambio-de-gabinete-pero-idea-se-instala-en-chile-vamos-la-segunda\/","title":{"rendered":"Cuatro ministros niegan cambio de gabinete, pero idea se instala en Chile Vamos &#8211; La Segunda"},"content":{"rendered":"<p style=\"text-align: justify;\">Aunque en seis oportunidades, en menos de 24 horas, cuatro ministros han salido a negar que el Presidente Sebasti\u00e1n Pi\u00f1era vaya a realizar un cambio de gabinete, la idea est\u00e1 instalada en Chile Vamos.<\/p>\n<p style=\"text-align: justify;\">Ayer fueron los ministros Andr\u00e9s Chadwick (Interior) y Cecilia P\u00e9rez (Segegob) quienes descartaron la medida. Hoy volvieron a reafirmarlo. \u201cNo hay ninguna situaci\u00f3n como de rumores o no rumores, es una atribuci\u00f3n del Presidente los cambios de ministros, y eso no est\u00e1 hoy en la agenda del Presidente. Tranquilidad, no ha ocurrido absolutamente nada\u201d, dijo el jefe de gabinete al asistir a una reuni\u00f3n con el Alto Mando de Carabineros.<\/p>\n<p style=\"text-align: justify;\">El canciller Roberto Ampuero y el titular de la Segpres, Gonzalo Blumel, tambi\u00e9n lo dijeron al ser consultados esta ma\u00f1ana. \u201cNo hay un cambio de gabinete en curso, ni est\u00e1 pensado\u201d, dijo este \u00faltimo en radio T13.<\/p>\n<p style=\"text-align: justify;\">Porque m\u00e1s all\u00e1 de los efectos de la declaraci\u00f3n del general (r) Mauro Victtoriano y la r\u00e9plica del ministro del Interior, las versiones de que lleg\u00f3 \u201cel tiempo\u201d de un ajuste en el equipo ministerial ven\u00edan circulando en las \u00faltimas semanas. Es m\u00e1s, no han dejado de estar presentes incluso desde agosto de 2018, cuando salieron los titulares de Educaci\u00f3n y Cultura, y entonces se consider\u00f3 que fue un cambio inconcluso en que otros secretarios de Estado estar\u00edan a prueba.<\/p>\n<p style=\"text-align: justify;\">Es as\u00ed como el mi\u00e9rcoles de la semana pasada en el almuerzo de bancada de los senadores de la UDI en el Congreso en Valpara\u00edso uno de los presentes brome\u00f3: \u00abMejor no ir de visita a La Moneda, para que no parezca que estamos siendo llamados a integrar el gabinete\u00bb.<\/p>\n<p style=\"text-align: justify;\">En el oficialismo ya se especulaba que enero o febrero ser\u00edan los meses pertinentes, para comenzar en marzo una nueva fase, que coincida con el fin del receso legislativo. De hecho, en las conversaciones de Chile Vamos recuerdan que en su primer gobierno, Pi\u00f1era eligi\u00f3 el 16 de enero del 2011 (a casi un a\u00f1o de haber asumido) para un ajuste ministerial, entonces el primero.<\/p>\n<p style=\"text-align: justify;\">Mientras que el lunes, el encuest\u00f3logo de Criteria Research, Cristi\u00e1n Valdivieso, tuite\u00f3: \u201cA estas alturas en La Moneda ya hay un gabinete muerto caminando\u201d.<\/p>\n<p style=\"text-align: justify;\"><strong>M\u00e1s que la fragilidad de Chadwick<\/strong><\/p>\n<p style=\"text-align: justify;\">En el oficialismo est\u00e1n expectantes ante cambios que tambi\u00e9n puedan incluir a subsecretarios, intendentes y seremis. Pero consultados por La Segunda sobre el foco, parlamentarios de Chile Vamos no dudan en incluir al coraz\u00f3n de La Moneda: el comit\u00e9 pol\u00edtico. Adem\u00e1s de Interior, Segegob y Segpres, est\u00e1 conformado por Hacienda, con Felipe Larra\u00edn (independiente) \u2014cuya permanencia no est\u00e1 en discusi\u00f3n\u2014 y Desarrollo Social, con Alfredo Moreno (independiente).<\/p>\n<p style=\"text-align: justify;\">Las razones para pensar en un ajuste son variadas: la inevitable barrera sicol\u00f3gica de un a\u00f1o de gobierno para evaluar su gesti\u00f3n (\u201ca\u00f1o nuevo, amerita un dise\u00f1o pol\u00edtico nuevo y nuevos rostros\u201d); el ambiente de fragilidad que rodea al ministro Chadwick, quien anoche recibi\u00f3 un espaldarazo en la cena que realiz\u00f3 la UDI (ver Top Secret); repensar las habilidades del equipo ministerial para concretar los anuncios que realiz\u00f3 el Gobierno el a\u00f1o pasado y aprobar materias emblem\u00e1ticas como las reformas tributaria, de pensiones, laboral y de migraciones, entre otras iniciativas.<\/p>\n<p style=\"text-align: justify;\">Y tambi\u00e9n, por cierto, las \u00faltimas encuestas. Las diversas crisis que ha vivido el Ejecutivo \u2014como la muerte del comunero mapuche Camilo Catrillanca y el terremoto en Carabineros, la renuncia del ex presidente del directorio de TVN, las cr\u00edticas por la \u201csequ\u00eda legislativa\u201d y el fuego interno por la instalaci\u00f3n de los cargos\u2014 la semana pasada perjudicaron a Pi\u00f1era: en la GfK Adimark la aprobaci\u00f3n del Gobierno cay\u00f3 en seis puntos, llegando a un 38% con un rechazo del 52%; en la Criteria Research, el Mandatario marc\u00f3 un 39% de valoraci\u00f3n y una desaprobaci\u00f3n del 46%.<\/p>\n<p style=\"text-align: justify;\">De los ministros, el m\u00e1s da\u00f1ado ante la opini\u00f3n p\u00fablica ha sido Chadwick, de acuerdo a Criteria Research. Y la nueva pol\u00e9mica con el titular de Interior, por las declaraciones del general Mauro Victtoriano, desplaz\u00f3 la atenci\u00f3n de lo que el gobierno esperaba para esta semana: avanzar en acuerdos pol\u00edticos.<\/p>\n<p style=\"text-align: justify;\">El canciller Ampuero tampoco est\u00e1 indemne y ha sido cuestionado por la demora en designaci\u00f3n de embajadores, el retiro del apoyo al Acuerdo de Escaz\u00fa, manejo comunicacional por el Pacto Migratorio y la pol\u00e9mica por la agregada comercial en Nueva York, Fernanda Bachelet.<\/p>\n<p style=\"text-align: justify;\">\u201cLa baja en las encuestas significa que algo anda mal. Y eso se traduce principalmente al comit\u00e9 pol\u00edtico; deber\u00eda haber ajustes en \u00e9l\u201d, sostiene el diputado Andr\u00e9s Celis (RN), quien ha insistido en el punto, pese a las cr\u00edticas que levantaron sus declaraciones.<\/p>\n<p style=\"text-align: justify;\">El legislador ha verbalizado lo que muchos comentan en privado y donde las especulaciones son m\u00faltiples. Comenzando por trasladar a algunos ministros del comit\u00e9 a otras carteras, sin sacarlos necesariamente del gabinete. Que a Cecilia P\u00e9rez (RN) se la ve en Deportes, en cuya situaci\u00f3n, dicen, ser\u00edan buenos voceros los tambi\u00e9n RN Nicol\u00e1s Monckeberg (Trabajo) como Cristi\u00e1n Monckeberg (Vivienda y Urbanismo).<\/p>\n<p style=\"text-align: justify;\">O que podr\u00eda ser destinada al ministerio de la Mujer, en un enroque con Isabel Pl\u00e1 (UDI).Asimismo, se conjetura que Alberto Espina (Defensa) o Moreno lleguen a Interior. E incluso, que esta pesca podr\u00eda incluir el Parlamento, e incorporar al senador RN Andr\u00e9s Allamand en esa cartera, trasladando a Chadwick a la Segpres y a Blumel a la vocer\u00eda, con P\u00e9rez en Deportes. En las redes, el analista pol\u00edtico Crist\u00f3bal Bellolio lo indic\u00f3 en medio de una extensa seguidilla de tuits: \u201cPosibles reemplazos de Chadwick en Interior: Andr\u00e9s Allamand.<\/p>\n<p style=\"text-align: justify;\">Har\u00eda valer su condici\u00f3n de jefe de gabinete desde el primer d\u00eda\u201d. \u201cYo tengo una buena evaluaci\u00f3n del equipo pol\u00edtico, pero eso no significa que no haya que hacer ajustes que un Presidente estime conveniente\u201d, afirma el senador UDI David Sandoval.<\/p>\n<p style=\"text-align: justify;\">\u201cA un a\u00f1o de gobierno, cualquier ajuste es absolutamente razonable\u201d, dice. Para la senadora de Ev\u00f3poli, Carmen Gloria Aravena, \u201csiempre es necesario que toda organizaci\u00f3n haga una revisi\u00f3n de sus representantes, de cada ministerio, tanto t\u00e9cnicos como pol\u00edticos\u201d.<\/p>\n<p style=\"text-align: justify;\">En tanto, el diputado RN Gonzalo Fuenzalida dice: \u201cHay cosas que no han funcionado, por lo que no es una locura abrirse a cambios en el comit\u00e9 pol\u00edtico\u201d. El diputado Andr\u00e9s Molina (Ev\u00f3poli) a\u00f1ade que \u201chay ministerios que tienen falencias pol\u00edticas y comunicacionales, que el Presidente debe considerar cambiar\u201d.<\/p>\n<p style=\"text-align: justify;\"><strong>Las habilidades requeridas<\/strong><\/p>\n<p style=\"text-align: justify;\">Para lo que se viene este 2019, los analistas indican las habilidades que se demandar\u00e1n del comit\u00e9: en el plano legislativo una autoridad con redes en el Congreso; en lo comunicacional una vocer\u00eda que pueda ser emp\u00e1tica y dura a la vez; y alguien que pueda seguirle el paso y los cambios de libreto al Presidente Pi\u00f1era. Hugo Eduardo Herrera, acad\u00e9mico de la UDP, cree que \u201cel comit\u00e9 pol\u00edtico cumpli\u00f3 su ciclo\u201d y que \u201cse requieren nuevos tipos de liderazgo, con un perfil n\u00edtidamente m\u00e1s pol\u00edtico y econ\u00f3mico-pol\u00edtico\u201d (ver recuadro).<\/p>\n<p style=\"text-align: justify;\">En ese esquema, sugiere a Blumel como vocero.\u00a0<strong>Por su parte, el decano de la\u00a0<span class=\"highlight\">UDD<\/span>\u00a0y quien est\u00e1 a cargo de los sondeos de opini\u00f3n de La Moneda, Eugenio Guzm\u00e1n, apunta para la vocer\u00eda \u201cuna persona con m\u00e1s sentido de la oportunidad y de mucha m\u00e1s ambivalencia, que un d\u00eda est\u00e1 alabando y otro d\u00eda est\u00e1 siendo escudero para blindar la figura del Presidente\u201d.<\/strong><\/p>\n<p style=\"text-align: justify;\"><strong>Y aunque dice que \u201cCecilia P\u00e9rez ha hecho bien su pega\u201d, plantea que hay que \u201ctener capacidad de modular en un momento dado lo que es la forma de la agresividad, que en alg\u00fan momento se requiere pero en otros no\u201d.<\/strong><\/p>\n<p style=\"text-align: justify;\">Sandoval alude al manejo de expectativas econ\u00f3micas: \u201cEl Gobierno hace mucho alarde, pero si eso no llega a la sociedad\u2026\u201d Y la senadora Aravena menciona que \u201clos distintos relatos (en el caso Catrillanca) generaron una complejidad para tomar decisiones\u201d, y pide alguien que pueda anticiparse a las crisis.<\/p>\n<p style=\"text-align: justify;\"><strong>En lo legislativo (Segpres), Guzm\u00e1n dice que \u201cse requiere bastante decisi\u00f3n. Porque van a ser discusiones que ret\u00f3ricamente enredadas, como las reformas laboral y tributaria.\u00a0Tambi\u00e9n hay que tener bastantes redes pol\u00edticas, tanto para mantener ordenada a los parlamentarios de gobierno, como al frente\u201d.<\/strong><\/p>\n<p style=\"text-align: justify;\">El antrop\u00f3logo Pablo Ort\u00fazar recalca: \u201cLo que m\u00e1s le hace falta al Gobierno es cierto v\u00ednculo reflexivo con la realidad de las personas. Yo no esperar\u00eda personas que estuvieran vinculadas al mundo de la econom\u00eda o al derecho, sino m\u00e1s vinculadas a las ciencias sociales\u201d. Y Sandoval pide \u201cuna mayor y estrecha relaci\u00f3n con los partidos pol\u00edticos, una permanente complicidad\u2019\u201d. En medio de las especulaciones sobre el gabinete, al cierre de esta edici\u00f3n, la oposici\u00f3n se reun\u00eda nuevamente para hablar sobre una potencial acusaci\u00f3n constitucional contra Chadwick, que hasta ayer no contaba con piso pol\u00edtico.<\/p>\n<p style=\"text-align: justify;\">Y La Moneda, buscaba dar se\u00f1ales de normalidad, incluyendo un nuevo encomendamiento para el jefe de gabinete: ma\u00f1ana el ministro del Interior viajar\u00e1 a La Araucan\u00eda, donde sostendr\u00e1 reuniones con v\u00edctimas de violencia, con la Sociedad Nacional de Agricultura y con la Onemi.<\/p>\n<p><a href=\"\/\/gobierno.udd.cl\/cpp\/files\/2019\/01\/La-segunda-2.jpg\"><img loading=\"lazy\" decoding=\"async\" class=\"size-medium wp-image-3938 aligncenter\" src=\"\/\/gobierno.udd.cl\/cpp\/files\/2019\/01\/La-segunda-2-231x300.jpg\" alt=\"\" width=\"231\" height=\"300\" srcset=\"https:\/\/gobierno.udd.cl\/cpp\/files\/2019\/01\/La-segunda-2-231x300.jpg 231w, https:\/\/gobierno.udd.cl\/cpp\/files\/2019\/01\/La-segunda-2-768x996.jpg 768w, https:\/\/gobierno.udd.cl\/cpp\/files\/2019\/01\/La-segunda-2-790x1024.jpg 790w, https:\/\/gobierno.udd.cl\/cpp\/files\/2019\/01\/La-segunda-2-740x960.jpg 740w, https:\/\/gobierno.udd.cl\/cpp\/files\/2019\/01\/La-segunda-2.jpg 1440w\" sizes=\"auto, (max-width: 231px) 100vw, 231px\" \/><\/a><\/p>\n","protected":false},"excerpt":{"rendered":"<p>Aunque en seis oportunidades, en menos de 24 horas, cuatro ministros han salido a negar que el Presidente Sebasti\u00e1n Pi\u00f1era vaya a realizar un cambio de gabinete, la idea est\u00e1 instalada en Chile Vamos. Ayer fueron los ministros Andr\u00e9s Chadwick (Interior) y Cecilia P\u00e9rez (Segegob) quienes descartaron la medida. Hoy volvieron a reafirmarlo. \u201cNo hay [&hellip;]<\/p>\n","protected":false},"author":22,"featured_media":893,"comment_status":"open","ping_status":"open","sticky":false,"template":"","format":"standard","meta":{"footnotes":""},"categories":[10162],"tags":[],"class_list":["post-3937","post","type-post","status-publish","format-standard","has-post-thumbnail","hentry","category-centro-en-la-prensa"],"featured_image_url":"https:\/\/gobierno.udd.cl\/cpp\/files\/2015\/05\/udd_cpp_prensa_340.png","_links":{"self":[{"href":"https:\/\/gobierno.udd.cl\/cpp\/wp-json\/wp\/v2\/posts\/3937","targetHints":{"allow":["GET"]}}],"collection":[{"href":"https:\/\/gobierno.udd.cl\/cpp\/wp-json\/wp\/v2\/posts"}],"about":[{"href":"https:\/\/gobierno.udd.cl\/cpp\/wp-json\/wp\/v2\/types\/post"}],"author":[{"embeddable":true,"href":"https:\/\/gobierno.udd.cl\/cpp\/wp-json\/wp\/v2\/users\/22"}],"replies":[{"embeddable":true,"href":"https:\/\/gobierno.udd.cl\/cpp\/wp-json\/wp\/v2\/comments?post=3937"}],"version-history":[{"count":1,"href":"https:\/\/gobierno.udd.cl\/cpp\/wp-json\/wp\/v2\/posts\/3937\/revisions"}],"predecessor-version":[{"id":3939,"href":"https:\/\/gobierno.udd.cl\/cpp\/wp-json\/wp\/v2\/posts\/3937\/revisions\/3939"}],"wp:featuredmedia":[{"embeddable":true,"href":"https:\/\/gobierno.udd.cl\/cpp\/wp-json\/wp\/v2\/media\/893"}],"wp:attachment":[{"href":"https:\/\/gobierno.udd.cl\/cpp\/wp-json\/wp\/v2\/media?parent=3937"}],"wp:term":[{"taxonomy":"category","embeddable":true,"href":"https:\/\/gobierno.udd.cl\/cpp\/wp-json\/wp\/v2\/categories?post=3937"},{"taxonomy":"post_tag","embeddable":true,"href":"https:\/\/gobierno.udd.cl\/cpp\/wp-json\/wp\/v2\/tags?post=3937"}],"curies":[{"name":"wp","href":"https:\/\/api.w.org\/{rel}","templated":true}]}}