{"id":3934,"date":"2019-01-14T17:09:09","date_gmt":"2019-01-14T20:09:09","guid":{"rendered":"http:\/\/gobierno.udd.cl\/cpp\/?p=3934"},"modified":"2019-01-14T17:09:09","modified_gmt":"2019-01-14T20:09:09","slug":"politica-de-terminar-con-los-pitutos-bajo-la-lupa-el-pinguino","status":"publish","type":"post","link":"https:\/\/gobierno.udd.cl\/cpp\/noticias\/2019\/01\/14\/politica-de-terminar-con-los-pitutos-bajo-la-lupa-el-pinguino\/","title":{"rendered":"Pol\u00edtica de terminar con los \u201cpitutos\u201d bajo la lupa &#8211; El Ping\u00fcino"},"content":{"rendered":"<p style=\"text-align: justify;\">Este lunes se conoci\u00f3 la decisi\u00f3n de Fernanda Bachelet de renunciar a su cargo de agregada comercial de Otile en Nueva York. Una designaci\u00f3n que, conocida p\u00fablicamente, desat\u00f3 una serie de cr\u00edticas desde el propio oficialismo que incluso pidi\u00f3 revisar la designaci\u00f3n. Uno de los dardos sali\u00f3 del senador RN Manuel Jos\u00e9 Ossand\u00f3n, quien en Mesa Central de Canal 13 calific\u00f3 su llegada al apetecido puesto como \u201cun error no forzado\u201d. Ya habi\u00e9ndose conocida la renuncia de la ingeniera comercial de 27 a\u00f1os, expertos analizaron los efectos que esta nominaci\u00f3n tuvo en el Gobierno, debido a que la profesional fue designada directamente por el Mandatario, es hija de un amigo y ex socio de \u00e9l, Ricardo Bachelet, y posee solo un a\u00f1o y medio de experiencia laboral trabajando en una empresa de retail. Adem\u00e1s, por tener un sueldo superior a los $10 millones, aunque luego fue rebajado a $7,5 millones.<\/p>\n<p style=\"text-align: justify;\">A juicio del acad\u00e9mico de la Universidad de Talca, Mauricio Morales, el jefe de Estado se ve cuestionado por haber tomado esta decisi\u00f3n, que \u201cdeja a la centro derecha con un discurso mucho m\u00e1s debilitado\u201d debido a que, record\u00f3, fue el propio Presidente quien present\u00f3 un proyecto de ley el a\u00f1o pasado para terminar con designaciones en cargos p\u00fablicos fundadas en relaciones de amistad o de familia, entre otros llamados que ha hecho a lo largo de su carrera pol\u00edtica. \u201cEllos (la centro derecha) sistem\u00e1ticamente acusaban a los gobiernos de la Concertaci\u00f3n y de la Nueva Mayor\u00eda por fomentar el \u2018pituto\u2019. En segundo lugar hay que recordar tambi\u00e9n que en el primer gobierno de Pi\u00f1era le dec\u00eda a la centro izquierda que hab\u00eda que trabajar, que hab\u00eda que levantarse temprano igual que cualquier otro chileno y que el m\u00e9rito y el esfuerzo personal es lo que lleva a la gente al \u00e9xito. Esas ideas ahora se ven cuestionadas\u201d, sostuvo a Emol.<\/p>\n<p style=\"text-align: justify;\">Por su parte, la cientista pol\u00edtica de la Universidad de Valpara\u00edso, Javiera Arce, puso sobre la mesa lo ocurrido con la nominaci\u00f3n del hermano del Presidente, Pablo Pi\u00f1era, quien fue designado como embajador de Chile en Argentina. Una designaci\u00f3n que, ante las cr\u00edticas esta vez desde la oposici\u00f3n, el Mandatario debi\u00f3 dejar sin efecto.<\/p>\n<p style=\"text-align: justify;\">\u201cA diferencia del caso de su hermano, la situaci\u00f3n (de Fernanda Bachelet) se observa como un pago de favores y eso es grave. Es un error. Que adem\u00e1s es mal entendido, tiene que ver con que un Presidente que promete m\u00e9rito y que se iban a terminar las malas pr\u00e1cticas de los \u2018apitutados\u2019, las refuerza y las hace\u201d, plante\u00f3.<\/p>\n<p style=\"text-align: justify;\"><strong>En tanto que el director del Centro de Pol\u00edticas P\u00fablicas de la\u00a0<span class=\"highlight\">Universidad<\/span>\u00a0<span class=\"highlight\">del<\/span>\u00a0<span class=\"highlight\">Desarrollo<\/span>, Gonzalo M\u00fcller, manifest\u00f3 que \u201ces dif\u00edcil decir que fue un acierto\u201d su nombramiento, considerando que Bachelet debi\u00f3 renunciar al cargo. Pero, a\u00f1adi\u00f3, ahora hay que centrarse en que fue la normativa vigente la que lo permiti\u00f3, por lo tanto, apunt\u00f3 ahora a un cambio en la ley. \u201cHay que entender que el espacio antes no era cuestionado, porque los presidentes, hasta (Michelle) Bachelet pod\u00edan nombrar a quien quisieran, a personas cercanas, a amigos, en puestos como estos. Pero resulta que este espacio de discrecionalidad es lo que molesta y es lo que hay que leer como tendencia: a nuestra sociedad le interesa que eso se reduzca al m\u00ednimo\u201d, plante\u00f3.<\/strong><\/p>\n<p style=\"text-align: justify;\"><strong>\u00bfFue o no concurso?<\/strong><\/p>\n<p style=\"text-align: justify;\">Tambi\u00e9n se refirieron a las declaraciones del ministro de Hacienda, Felipe Larra\u00edn, quien la ma\u00f1ana de ayer, pocas horas antes de que se anunciara la salida de la ingeniero comercial, asegur\u00f3 que ella fue definida en el puesto a trav\u00e9s de un concurso, dichos que fueron cuestionados por las asociaciones de funcionarios de la Canciller\u00eda. Sin embargo, tras unos minutos, el jefe de la billetera fiscal aclar\u00f3 que \u201chubo un proceso interno, y la verdad que yo respeto las dos decisiones: la decisi\u00f3n de nominaci\u00f3n y la decisi\u00f3n de renuncia\u201d. \u201cPara m\u00ed, con la renuncia, es un tema superado\u201d, complet\u00f3, pero insisti\u00f3 en que estas son decisiones que toma el Presidente de la Rep\u00fablica \u201cque yo respaldo y \u00e9l acept\u00f3 la decisi\u00f3n de renuncia de la persona que hab\u00eda sido nominada\u201d.<\/p>\n<p style=\"text-align: justify;\">\u201cEs inaceptable, inexplicable (lo que dijo). El entrega un nuevo argumento a la oposici\u00f3n para desmentirlo. Era innecesario (que hablara) porque es el ministro de Hacienda no de Relaciones Exteriores, es una \u2018metida de patas may\u00fasculas\u2019. Me imagino que dijo esto en el af\u00e1n de cerrar el tema y pensando que no se iba a descubrir que exist\u00eda la documentaci\u00f3n, pero como hoy la informaci\u00f3n est\u00e1 mas disponible, entonces el ministro de Hacienda se regal\u00f3 y al regalarse tambi\u00e9n puso en problemas al Gobierno\u201d, afirm\u00f3 Morales.<\/p>\n<p style=\"text-align: justify;\">A juicio de Arce es una demostraci\u00f3n de la \u201cescasa capacidad pol\u00edtica\u201d de La Moneda y el ministro cometi\u00f3 una \u201cimprudencia pol\u00edtica\u201d.\u00a0<strong>Mientras que M\u00fcller se\u00f1al\u00f3 a Emol que \u201cfue un error del ministro, porque no es formalmente un concurso. Yo me imagino que para la designaci\u00f3n de muchos de estos cargos las autoridades tienen ante s\u00ed distintas alternativas, tienen varios curr\u00edculos por decirlo as\u00ed, pero eso no significa que es un concurso. Creo que ah\u00ed radica la frase del ministro en que no fue la \u00fanica que se consider\u00f3, sino que se consider\u00f3 a otras personas y ella fue la elegida, pero eso no es un concurso\u201d.<\/strong><\/p>\n<p><a href=\"\/\/gobierno.udd.cl\/cpp\/files\/2019\/01\/El-Pinguino.jpg\"><img loading=\"lazy\" decoding=\"async\" class=\"size-medium wp-image-3935 aligncenter\" src=\"\/\/gobierno.udd.cl\/cpp\/files\/2019\/01\/El-Pinguino-229x300.jpg\" alt=\"\" width=\"229\" height=\"300\" srcset=\"https:\/\/gobierno.udd.cl\/cpp\/files\/2019\/01\/El-Pinguino-229x300.jpg 229w, https:\/\/gobierno.udd.cl\/cpp\/files\/2019\/01\/El-Pinguino-768x1005.jpg 768w, https:\/\/gobierno.udd.cl\/cpp\/files\/2019\/01\/El-Pinguino-783x1024.jpg 783w, https:\/\/gobierno.udd.cl\/cpp\/files\/2019\/01\/El-Pinguino-734x960.jpg 734w, https:\/\/gobierno.udd.cl\/cpp\/files\/2019\/01\/El-Pinguino.jpg 1280w\" sizes=\"auto, (max-width: 229px) 100vw, 229px\" \/><\/a><\/p>\n","protected":false},"excerpt":{"rendered":"<p>Analistas afirman que este caso \u201cdebilita\u201d la eliminaci\u00f3n del \u201camiguismo\u201d en el aparato p\u00fablico.<\/p>\n","protected":false},"author":22,"featured_media":893,"comment_status":"open","ping_status":"open","sticky":false,"template":"","format":"standard","meta":{"footnotes":""},"categories":[10162],"tags":[],"class_list":["post-3934","post","type-post","status-publish","format-standard","has-post-thumbnail","hentry","category-centro-en-la-prensa"],"featured_image_url":"https:\/\/gobierno.udd.cl\/cpp\/files\/2015\/05\/udd_cpp_prensa_340.png","_links":{"self":[{"href":"https:\/\/gobierno.udd.cl\/cpp\/wp-json\/wp\/v2\/posts\/3934","targetHints":{"allow":["GET"]}}],"collection":[{"href":"https:\/\/gobierno.udd.cl\/cpp\/wp-json\/wp\/v2\/posts"}],"about":[{"href":"https:\/\/gobierno.udd.cl\/cpp\/wp-json\/wp\/v2\/types\/post"}],"author":[{"embeddable":true,"href":"https:\/\/gobierno.udd.cl\/cpp\/wp-json\/wp\/v2\/users\/22"}],"replies":[{"embeddable":true,"href":"https:\/\/gobierno.udd.cl\/cpp\/wp-json\/wp\/v2\/comments?post=3934"}],"version-history":[{"count":1,"href":"https:\/\/gobierno.udd.cl\/cpp\/wp-json\/wp\/v2\/posts\/3934\/revisions"}],"predecessor-version":[{"id":3936,"href":"https:\/\/gobierno.udd.cl\/cpp\/wp-json\/wp\/v2\/posts\/3934\/revisions\/3936"}],"wp:featuredmedia":[{"embeddable":true,"href":"https:\/\/gobierno.udd.cl\/cpp\/wp-json\/wp\/v2\/media\/893"}],"wp:attachment":[{"href":"https:\/\/gobierno.udd.cl\/cpp\/wp-json\/wp\/v2\/media?parent=3934"}],"wp:term":[{"taxonomy":"category","embeddable":true,"href":"https:\/\/gobierno.udd.cl\/cpp\/wp-json\/wp\/v2\/categories?post=3934"},{"taxonomy":"post_tag","embeddable":true,"href":"https:\/\/gobierno.udd.cl\/cpp\/wp-json\/wp\/v2\/tags?post=3934"}],"curies":[{"name":"wp","href":"https:\/\/api.w.org\/{rel}","templated":true}]}}