{"id":3922,"date":"2019-01-10T23:10:08","date_gmt":"2019-01-11T02:10:08","guid":{"rendered":"http:\/\/gobierno.udd.cl\/cpp\/?p=3922"},"modified":"2019-01-10T23:10:39","modified_gmt":"2019-01-11T02:10:39","slug":"el-tc-rechaza-dos-de-las-tres-peticiones-de-chile-vamos-por-libertades-condicionales-en-casos-de-dd-hh-radio-cooperativa","status":"publish","type":"post","link":"https:\/\/gobierno.udd.cl\/cpp\/noticias\/2019\/01\/10\/el-tc-rechaza-dos-de-las-tres-peticiones-de-chile-vamos-por-libertades-condicionales-en-casos-de-dd-hh-radio-cooperativa\/","title":{"rendered":"El TC rechaza dos de las tres peticiones de Chile Vamos por libertades condicionales en casos de DD.HH &#8211; Radio Cooperativa"},"content":{"rendered":"<p style=\"text-align: justify;\">El pleno del Tribunal Constitucional valid\u00f3 la ley de libertades condicionales, pero declar\u00f3 inconstitucional la exigencia de arrepentimiento para aquellos condenados por violaci\u00f3n a los Derechos Humanos. De esta manera, los ministros del tribunal determinaron rechazaron dos de las tres peticiones presentadas por parlamentarios de Chile Vamos.<\/p>\n<p><b>Habla:<\/b>\u00a0Sebasti\u00e1n Depolo, Revoluci\u00f3n Democr\u00e1tica-Frente Amplio; Eugenio Guzm\u00e1n,\u00a0<span class=\"highlight\">UDD<\/span>-Libertad y Desarrollo; Gonzalo Duarte, DC; Nicol\u00e1s Eyzaguirre, ex ministro (PPD).<\/p>\n<p><strong>PARTE 1<\/strong><\/p>\n<audio class=\"wp-audio-shortcode\" id=\"audio-3922-1\" preload=\"none\" style=\"width: 100%;\" controls=\"controls\"><source type=\"audio\/mpeg\" src=\"http:\/\/conectamedia.s3.amazonaws.com\/6c5a52272f4369be5061d4fc23e894a3.mp3?_=1\" \/><a href=\"http:\/\/conectamedia.s3.amazonaws.com\/6c5a52272f4369be5061d4fc23e894a3.mp3\">http:\/\/conectamedia.s3.amazonaws.com\/6c5a52272f4369be5061d4fc23e894a3.mp3<\/a><\/audio>\n<p>&nbsp;<\/p>\n<p><strong>PARTE 2<\/strong><\/p>\n<audio class=\"wp-audio-shortcode\" id=\"audio-3922-2\" preload=\"none\" style=\"width: 100%;\" controls=\"controls\"><source type=\"audio\/mpeg\" src=\"http:\/\/conectamedia.s3.amazonaws.com\/9bb2fde8e4ab2f117d12c4c4504cb266.mp3?_=2\" \/><a href=\"http:\/\/conectamedia.s3.amazonaws.com\/9bb2fde8e4ab2f117d12c4c4504cb266.mp3\">http:\/\/conectamedia.s3.amazonaws.com\/9bb2fde8e4ab2f117d12c4c4504cb266.mp3<\/a><\/audio>\n","protected":false},"excerpt":{"rendered":"<p>El pleno del Tribunal Constitucional valid\u00f3 la ley de libertades condicionales, pero declar\u00f3 inconstitucional la exigencia de arrepentimiento para aquellos condenados por violaci\u00f3n a los Derechos Humanos. De esta manera, los ministros del tribunal determinaron rechazaron dos de las tres peticiones presentadas por parlamentarios de Chile Vamos. Habla:\u00a0Sebasti\u00e1n Depolo, Revoluci\u00f3n Democr\u00e1tica-Frente Amplio; Eugenio Guzm\u00e1n,\u00a0UDD-Libertad y [&hellip;]<\/p>\n","protected":false},"author":22,"featured_media":893,"comment_status":"open","ping_status":"open","sticky":false,"template":"","format":"standard","meta":{"footnotes":""},"categories":[10162],"tags":[],"class_list":["post-3922","post","type-post","status-publish","format-standard","has-post-thumbnail","hentry","category-centro-en-la-prensa"],"featured_image_url":"https:\/\/gobierno.udd.cl\/cpp\/files\/2015\/05\/udd_cpp_prensa_340.png","_links":{"self":[{"href":"https:\/\/gobierno.udd.cl\/cpp\/wp-json\/wp\/v2\/posts\/3922","targetHints":{"allow":["GET"]}}],"collection":[{"href":"https:\/\/gobierno.udd.cl\/cpp\/wp-json\/wp\/v2\/posts"}],"about":[{"href":"https:\/\/gobierno.udd.cl\/cpp\/wp-json\/wp\/v2\/types\/post"}],"author":[{"embeddable":true,"href":"https:\/\/gobierno.udd.cl\/cpp\/wp-json\/wp\/v2\/users\/22"}],"replies":[{"embeddable":true,"href":"https:\/\/gobierno.udd.cl\/cpp\/wp-json\/wp\/v2\/comments?post=3922"}],"version-history":[{"count":2,"href":"https:\/\/gobierno.udd.cl\/cpp\/wp-json\/wp\/v2\/posts\/3922\/revisions"}],"predecessor-version":[{"id":3924,"href":"https:\/\/gobierno.udd.cl\/cpp\/wp-json\/wp\/v2\/posts\/3922\/revisions\/3924"}],"wp:featuredmedia":[{"embeddable":true,"href":"https:\/\/gobierno.udd.cl\/cpp\/wp-json\/wp\/v2\/media\/893"}],"wp:attachment":[{"href":"https:\/\/gobierno.udd.cl\/cpp\/wp-json\/wp\/v2\/media?parent=3922"}],"wp:term":[{"taxonomy":"category","embeddable":true,"href":"https:\/\/gobierno.udd.cl\/cpp\/wp-json\/wp\/v2\/categories?post=3922"},{"taxonomy":"post_tag","embeddable":true,"href":"https:\/\/gobierno.udd.cl\/cpp\/wp-json\/wp\/v2\/tags?post=3922"}],"curies":[{"name":"wp","href":"https:\/\/api.w.org\/{rel}","templated":true}]}}