{"id":3918,"date":"2019-01-10T23:05:41","date_gmt":"2019-01-11T02:05:41","guid":{"rendered":"http:\/\/gobierno.udd.cl\/cpp\/?p=3918"},"modified":"2019-01-10T23:05:41","modified_gmt":"2019-01-11T02:05:41","slug":"encuesta-revela-que-las-instituciones-son-menos-confiables-radio-adn","status":"publish","type":"post","link":"https:\/\/gobierno.udd.cl\/cpp\/noticias\/2019\/01\/10\/encuesta-revela-que-las-instituciones-son-menos-confiables-radio-adn\/","title":{"rendered":"Encuesta revela que las instituciones son menos confiables &#8211; Radio ADN"},"content":{"rendered":"<p style=\"text-align: justify;\">En el Mercurio destaca una encuesta de la\u00a0<span class=\"highlight\">Universidad<\/span>\u00a0<span class=\"highlight\">del<\/span>\u00a0<span class=\"highlight\">Desarrollo<\/span>\u00a0sobre influencia y confianza, donde se\u00f1ala que los chilenos consideran que las instituciones son menos confiables pero m\u00e1s poderosas.<\/p>\n<p><b>Menci\u00f3n:<\/b>\u00a0<span class=\"highlight\">Universidad<\/span>\u00a0<span class=\"highlight\">del<\/span>\u00a0<span class=\"highlight\">Desarrollo.<\/span><\/p>\n<audio class=\"wp-audio-shortcode\" id=\"audio-3918-1\" preload=\"none\" style=\"width: 100%;\" controls=\"controls\"><source type=\"audio\/mpeg\" src=\"http:\/\/conectamedia.s3.amazonaws.com\/62c2724c45a0810cc0add28844f6d54c.mp3?_=1\" \/><a href=\"http:\/\/conectamedia.s3.amazonaws.com\/62c2724c45a0810cc0add28844f6d54c.mp3\">http:\/\/conectamedia.s3.amazonaws.com\/62c2724c45a0810cc0add28844f6d54c.mp3<\/a><\/audio>\n","protected":false},"excerpt":{"rendered":"<p>En el Mercurio destaca una encuesta de la\u00a0Universidad\u00a0del\u00a0Desarrollo\u00a0sobre influencia y confianza, donde se\u00f1ala que los chilenos consideran que las instituciones son menos confiables pero m\u00e1s poderosas. Menci\u00f3n:\u00a0Universidad\u00a0del\u00a0Desarrollo.<\/p>\n","protected":false},"author":22,"featured_media":893,"comment_status":"open","ping_status":"open","sticky":false,"template":"","format":"standard","meta":{"footnotes":""},"categories":[10162],"tags":[],"class_list":["post-3918","post","type-post","status-publish","format-standard","has-post-thumbnail","hentry","category-centro-en-la-prensa"],"featured_image_url":"https:\/\/gobierno.udd.cl\/cpp\/files\/2015\/05\/udd_cpp_prensa_340.png","_links":{"self":[{"href":"https:\/\/gobierno.udd.cl\/cpp\/wp-json\/wp\/v2\/posts\/3918","targetHints":{"allow":["GET"]}}],"collection":[{"href":"https:\/\/gobierno.udd.cl\/cpp\/wp-json\/wp\/v2\/posts"}],"about":[{"href":"https:\/\/gobierno.udd.cl\/cpp\/wp-json\/wp\/v2\/types\/post"}],"author":[{"embeddable":true,"href":"https:\/\/gobierno.udd.cl\/cpp\/wp-json\/wp\/v2\/users\/22"}],"replies":[{"embeddable":true,"href":"https:\/\/gobierno.udd.cl\/cpp\/wp-json\/wp\/v2\/comments?post=3918"}],"version-history":[{"count":1,"href":"https:\/\/gobierno.udd.cl\/cpp\/wp-json\/wp\/v2\/posts\/3918\/revisions"}],"predecessor-version":[{"id":3919,"href":"https:\/\/gobierno.udd.cl\/cpp\/wp-json\/wp\/v2\/posts\/3918\/revisions\/3919"}],"wp:featuredmedia":[{"embeddable":true,"href":"https:\/\/gobierno.udd.cl\/cpp\/wp-json\/wp\/v2\/media\/893"}],"wp:attachment":[{"href":"https:\/\/gobierno.udd.cl\/cpp\/wp-json\/wp\/v2\/media?parent=3918"}],"wp:term":[{"taxonomy":"category","embeddable":true,"href":"https:\/\/gobierno.udd.cl\/cpp\/wp-json\/wp\/v2\/categories?post=3918"},{"taxonomy":"post_tag","embeddable":true,"href":"https:\/\/gobierno.udd.cl\/cpp\/wp-json\/wp\/v2\/tags?post=3918"}],"curies":[{"name":"wp","href":"https:\/\/api.w.org\/{rel}","templated":true}]}}