{"id":3916,"date":"2019-01-10T23:04:12","date_gmt":"2019-01-11T02:04:12","guid":{"rendered":"http:\/\/gobierno.udd.cl\/cpp\/?p=3916"},"modified":"2019-01-10T23:04:12","modified_gmt":"2019-01-11T02:04:12","slug":"dieron-a-conocer-la-segunda-encuesta-de-influencia-y-confianza-radio-biobio","status":"publish","type":"post","link":"https:\/\/gobierno.udd.cl\/cpp\/noticias\/2019\/01\/10\/dieron-a-conocer-la-segunda-encuesta-de-influencia-y-confianza-radio-biobio\/","title":{"rendered":"Dieron a conocer la segunda encuesta de influencia y confianza &#8211; Radio Biob\u00edo"},"content":{"rendered":"<p style=\"text-align: justify;\">La segunda encuesta de influencia y confianza de la\u00a0<span class=\"highlight\">Universidad<\/span>\u00a0<span class=\"highlight\">del<\/span>\u00a0<span class=\"highlight\">Desarrollo<\/span>\u00a0dio a conocer que los chilenos consideran que las instituciones m\u00e1s cuestionadas son menos confiables, pero m\u00e1s poderosas.<\/p>\n<div style=\"text-align: justify;\"><b>Menci\u00f3n:<\/b>\u00a0<span class=\"highlight\">Universidad<\/span>\u00a0<span class=\"highlight\">del<\/span>\u00a0<span class=\"highlight\">Desarrollo<\/span>, PDI.<\/div>\n<div><\/div>\n<div>\n<audio class=\"wp-audio-shortcode\" id=\"audio-3916-1\" preload=\"none\" style=\"width: 100%;\" controls=\"controls\"><source type=\"audio\/mpeg\" src=\"http:\/\/conectamedia.s3.amazonaws.com\/e317eb1987a2036128a4f940f7273791.mp3?_=1\" \/><a href=\"http:\/\/conectamedia.s3.amazonaws.com\/e317eb1987a2036128a4f940f7273791.mp3\">http:\/\/conectamedia.s3.amazonaws.com\/e317eb1987a2036128a4f940f7273791.mp3<\/a><\/audio>\n<\/div>\n","protected":false},"excerpt":{"rendered":"<p>La segunda encuesta de influencia y confianza de la\u00a0Universidad\u00a0del\u00a0Desarrollo\u00a0dio a conocer que los chilenos consideran que las instituciones m\u00e1s cuestionadas son menos confiables, pero m\u00e1s poderosas. Menci\u00f3n:\u00a0Universidad\u00a0del\u00a0Desarrollo, PDI.<\/p>\n","protected":false},"author":22,"featured_media":893,"comment_status":"open","ping_status":"open","sticky":false,"template":"","format":"standard","meta":{"footnotes":""},"categories":[10162],"tags":[],"class_list":["post-3916","post","type-post","status-publish","format-standard","has-post-thumbnail","hentry","category-centro-en-la-prensa"],"featured_image_url":"https:\/\/gobierno.udd.cl\/cpp\/files\/2015\/05\/udd_cpp_prensa_340.png","_links":{"self":[{"href":"https:\/\/gobierno.udd.cl\/cpp\/wp-json\/wp\/v2\/posts\/3916","targetHints":{"allow":["GET"]}}],"collection":[{"href":"https:\/\/gobierno.udd.cl\/cpp\/wp-json\/wp\/v2\/posts"}],"about":[{"href":"https:\/\/gobierno.udd.cl\/cpp\/wp-json\/wp\/v2\/types\/post"}],"author":[{"embeddable":true,"href":"https:\/\/gobierno.udd.cl\/cpp\/wp-json\/wp\/v2\/users\/22"}],"replies":[{"embeddable":true,"href":"https:\/\/gobierno.udd.cl\/cpp\/wp-json\/wp\/v2\/comments?post=3916"}],"version-history":[{"count":1,"href":"https:\/\/gobierno.udd.cl\/cpp\/wp-json\/wp\/v2\/posts\/3916\/revisions"}],"predecessor-version":[{"id":3917,"href":"https:\/\/gobierno.udd.cl\/cpp\/wp-json\/wp\/v2\/posts\/3916\/revisions\/3917"}],"wp:featuredmedia":[{"embeddable":true,"href":"https:\/\/gobierno.udd.cl\/cpp\/wp-json\/wp\/v2\/media\/893"}],"wp:attachment":[{"href":"https:\/\/gobierno.udd.cl\/cpp\/wp-json\/wp\/v2\/media?parent=3916"}],"wp:term":[{"taxonomy":"category","embeddable":true,"href":"https:\/\/gobierno.udd.cl\/cpp\/wp-json\/wp\/v2\/categories?post=3916"},{"taxonomy":"post_tag","embeddable":true,"href":"https:\/\/gobierno.udd.cl\/cpp\/wp-json\/wp\/v2\/tags?post=3916"}],"curies":[{"name":"wp","href":"https:\/\/api.w.org\/{rel}","templated":true}]}}