{"id":3910,"date":"2019-01-10T23:00:44","date_gmt":"2019-01-11T02:00:44","guid":{"rendered":"http:\/\/gobierno.udd.cl\/cpp\/?p=3910"},"modified":"2019-01-10T23:01:00","modified_gmt":"2019-01-11T02:01:00","slug":"analisis-encuesta-cadem-digital-fm","status":"publish","type":"post","link":"https:\/\/gobierno.udd.cl\/cpp\/noticias\/2019\/01\/10\/analisis-encuesta-cadem-digital-fm\/","title":{"rendered":"An\u00e1lisis encuesta Cadem &#8211; Digital FM"},"content":{"rendered":"<div class=\"std-text grid-11 grid-tablet-15 no-overflow\">\n<p style=\"text-align: justify;\">Los panelistas Lesley Brice\u00f1o y Fernando Wilson conversan sobre las evaluaciones y\u00a0 notas en materia pol\u00edtica del primer a\u00f1o de Sebast\u00edan Pi\u00f1era y los resultados de la encuesta Cadem.<\/p>\n<p style=\"text-align: justify;\"><strong>Habla:<\/strong>\u00a0Lesley Brice\u00f1o , Docente\u00a0<span class=\"highlight\">Universidad del Desarrollo<\/span>; Fernando Wilson , Acad\u00e9mico Universidad Adolfo Iba\u00f1ez<br \/>\n<strong><br \/>\nMenci\u00f3n:<\/strong>\u00a0<span class=\"highlight\">Universidad del Desarrollo<\/span><\/p>\n<p><strong>PARTE 1<\/strong><\/p>\n<audio class=\"wp-audio-shortcode\" id=\"audio-3910-1\" preload=\"none\" style=\"width: 100%;\" controls=\"controls\"><source type=\"audio\/mpeg\" src=\"http:\/\/conectamedia.s3.amazonaws.com\/04e2b34767aae23bb9d2d170ce26974d_manual.mp3?_=1\" \/><a href=\"http:\/\/conectamedia.s3.amazonaws.com\/04e2b34767aae23bb9d2d170ce26974d_manual.mp3\">http:\/\/conectamedia.s3.amazonaws.com\/04e2b34767aae23bb9d2d170ce26974d_manual.mp3<\/a><\/audio>\n<p><strong>PARTE 2<\/strong><\/p>\n<audio class=\"wp-audio-shortcode\" id=\"audio-3910-2\" preload=\"none\" style=\"width: 100%;\" controls=\"controls\"><source type=\"audio\/mpeg\" src=\"http:\/\/conectamedia.s3.amazonaws.com\/f3d528e000e073a2622af82d98e98ae1_manual.mp3?_=2\" \/><a href=\"http:\/\/conectamedia.s3.amazonaws.com\/f3d528e000e073a2622af82d98e98ae1_manual.mp3\">http:\/\/conectamedia.s3.amazonaws.com\/f3d528e000e073a2622af82d98e98ae1_manual.mp3<\/a><\/audio>\n<\/div>\n","protected":false},"excerpt":{"rendered":"<p>Los panelistas Lesley Brice\u00f1o y Fernando Wilson conversan sobre las evaluaciones y\u00a0 notas en materia pol\u00edtica del primer a\u00f1o de Sebast\u00edan Pi\u00f1era y los resultados de la encuesta Cadem. Habla:\u00a0Lesley Brice\u00f1o , Docente\u00a0Universidad del Desarrollo; Fernando Wilson , Acad\u00e9mico Universidad Adolfo Iba\u00f1ez Menci\u00f3n:\u00a0Universidad del Desarrollo PARTE 1 PARTE 2<\/p>\n","protected":false},"author":22,"featured_media":893,"comment_status":"open","ping_status":"open","sticky":false,"template":"","format":"standard","meta":{"footnotes":""},"categories":[10162],"tags":[],"class_list":["post-3910","post","type-post","status-publish","format-standard","has-post-thumbnail","hentry","category-centro-en-la-prensa"],"featured_image_url":"https:\/\/gobierno.udd.cl\/cpp\/files\/2015\/05\/udd_cpp_prensa_340.png","_links":{"self":[{"href":"https:\/\/gobierno.udd.cl\/cpp\/wp-json\/wp\/v2\/posts\/3910","targetHints":{"allow":["GET"]}}],"collection":[{"href":"https:\/\/gobierno.udd.cl\/cpp\/wp-json\/wp\/v2\/posts"}],"about":[{"href":"https:\/\/gobierno.udd.cl\/cpp\/wp-json\/wp\/v2\/types\/post"}],"author":[{"embeddable":true,"href":"https:\/\/gobierno.udd.cl\/cpp\/wp-json\/wp\/v2\/users\/22"}],"replies":[{"embeddable":true,"href":"https:\/\/gobierno.udd.cl\/cpp\/wp-json\/wp\/v2\/comments?post=3910"}],"version-history":[{"count":2,"href":"https:\/\/gobierno.udd.cl\/cpp\/wp-json\/wp\/v2\/posts\/3910\/revisions"}],"predecessor-version":[{"id":3912,"href":"https:\/\/gobierno.udd.cl\/cpp\/wp-json\/wp\/v2\/posts\/3910\/revisions\/3912"}],"wp:featuredmedia":[{"embeddable":true,"href":"https:\/\/gobierno.udd.cl\/cpp\/wp-json\/wp\/v2\/media\/893"}],"wp:attachment":[{"href":"https:\/\/gobierno.udd.cl\/cpp\/wp-json\/wp\/v2\/media?parent=3910"}],"wp:term":[{"taxonomy":"category","embeddable":true,"href":"https:\/\/gobierno.udd.cl\/cpp\/wp-json\/wp\/v2\/categories?post=3910"},{"taxonomy":"post_tag","embeddable":true,"href":"https:\/\/gobierno.udd.cl\/cpp\/wp-json\/wp\/v2\/tags?post=3910"}],"curies":[{"name":"wp","href":"https:\/\/api.w.org\/{rel}","templated":true}]}}