{"id":3907,"date":"2019-01-10T22:46:53","date_gmt":"2019-01-11T01:46:53","guid":{"rendered":"http:\/\/gobierno.udd.cl\/cpp\/?p=3907"},"modified":"2019-01-10T22:46:53","modified_gmt":"2019-01-11T01:46:53","slug":"resultados-de-la-segunda-encuesta-de-influencia-y-confianza-realizada-por-la-universidad-del-desarrollo-radio-biobio","status":"publish","type":"post","link":"https:\/\/gobierno.udd.cl\/cpp\/noticias\/2019\/01\/10\/resultados-de-la-segunda-encuesta-de-influencia-y-confianza-realizada-por-la-universidad-del-desarrollo-radio-biobio\/","title":{"rendered":"Resultados de la segunda encuesta de influencia y confianza realizada por la Universidad del Desarrollo &#8211; Radio Biob\u00edo"},"content":{"rendered":"<p style=\"text-align: justify;\">Menos confiables pero m\u00e1s poderosas, estas fueron las conclusiones que arroj\u00f3 la segunda encuesta de influencia y confianza realizada por la\u00a0<span class=\"highlight\">Universidad<\/span>\u00a0<span class=\"highlight\">del<\/span>\u00a0<span class=\"highlight\">Desarrollo<\/span>\u00a0respecto a le percepci\u00f3n que tiene la ciudadan\u00eda frente a instituciones p\u00fablicas y privadas.<\/p>\n<p><b>Habla:<\/b>\u00a0Jaime Naranjo, Diputado.<\/p>\n<p><b>Menci\u00f3n:<\/b>\u00a0<span class=\"highlight\">Universidad<\/span>\u00a0<span class=\"highlight\">del<\/span>\u00a0<span class=\"highlight\">Desarrollo<\/span>; Carabineros; Bomberos.<\/p>\n<audio class=\"wp-audio-shortcode\" id=\"audio-3907-1\" preload=\"none\" style=\"width: 100%;\" controls=\"controls\"><source type=\"audio\/mpeg\" src=\"http:\/\/conectamedia.s3.amazonaws.com\/c3ad2b4c94007b05a6c1f9d34ba47e69.mp3?_=1\" \/><a href=\"http:\/\/conectamedia.s3.amazonaws.com\/c3ad2b4c94007b05a6c1f9d34ba47e69.mp3\">http:\/\/conectamedia.s3.amazonaws.com\/c3ad2b4c94007b05a6c1f9d34ba47e69.mp3<\/a><\/audio>\n","protected":false},"excerpt":{"rendered":"<p>Menos confiables pero m\u00e1s poderosas, estas fueron las conclusiones que arroj\u00f3 la segunda encuesta de influencia y confianza realizada por la\u00a0Universidad\u00a0del\u00a0Desarrollo\u00a0respecto a le percepci\u00f3n que tiene la ciudadan\u00eda frente a instituciones p\u00fablicas y privadas. Habla:\u00a0Jaime Naranjo, Diputado. Menci\u00f3n:\u00a0Universidad\u00a0del\u00a0Desarrollo; Carabineros; Bomberos.<\/p>\n","protected":false},"author":22,"featured_media":893,"comment_status":"open","ping_status":"open","sticky":false,"template":"","format":"standard","meta":{"footnotes":""},"categories":[10162],"tags":[],"class_list":["post-3907","post","type-post","status-publish","format-standard","has-post-thumbnail","hentry","category-centro-en-la-prensa"],"featured_image_url":"https:\/\/gobierno.udd.cl\/cpp\/files\/2015\/05\/udd_cpp_prensa_340.png","_links":{"self":[{"href":"https:\/\/gobierno.udd.cl\/cpp\/wp-json\/wp\/v2\/posts\/3907","targetHints":{"allow":["GET"]}}],"collection":[{"href":"https:\/\/gobierno.udd.cl\/cpp\/wp-json\/wp\/v2\/posts"}],"about":[{"href":"https:\/\/gobierno.udd.cl\/cpp\/wp-json\/wp\/v2\/types\/post"}],"author":[{"embeddable":true,"href":"https:\/\/gobierno.udd.cl\/cpp\/wp-json\/wp\/v2\/users\/22"}],"replies":[{"embeddable":true,"href":"https:\/\/gobierno.udd.cl\/cpp\/wp-json\/wp\/v2\/comments?post=3907"}],"version-history":[{"count":1,"href":"https:\/\/gobierno.udd.cl\/cpp\/wp-json\/wp\/v2\/posts\/3907\/revisions"}],"predecessor-version":[{"id":3908,"href":"https:\/\/gobierno.udd.cl\/cpp\/wp-json\/wp\/v2\/posts\/3907\/revisions\/3908"}],"wp:featuredmedia":[{"embeddable":true,"href":"https:\/\/gobierno.udd.cl\/cpp\/wp-json\/wp\/v2\/media\/893"}],"wp:attachment":[{"href":"https:\/\/gobierno.udd.cl\/cpp\/wp-json\/wp\/v2\/media?parent=3907"}],"wp:term":[{"taxonomy":"category","embeddable":true,"href":"https:\/\/gobierno.udd.cl\/cpp\/wp-json\/wp\/v2\/categories?post=3907"},{"taxonomy":"post_tag","embeddable":true,"href":"https:\/\/gobierno.udd.cl\/cpp\/wp-json\/wp\/v2\/tags?post=3907"}],"curies":[{"name":"wp","href":"https:\/\/api.w.org\/{rel}","templated":true}]}}