{"id":3905,"date":"2019-01-10T22:44:16","date_gmt":"2019-01-11T01:44:16","guid":{"rendered":"http:\/\/gobierno.udd.cl\/cpp\/?p=3905"},"modified":"2019-01-10T22:44:16","modified_gmt":"2019-01-11T01:44:16","slug":"entrevista-eugenio-guzman-sobre-polemica-polera-de-gabriel-boric-radio-infinita","status":"publish","type":"post","link":"https:\/\/gobierno.udd.cl\/cpp\/noticias\/2019\/01\/10\/entrevista-eugenio-guzman-sobre-polemica-polera-de-gabriel-boric-radio-infinita\/","title":{"rendered":"Entrevista Eugenio Guzm\u00e1n sobre pol\u00e9mica polera de Gabriel Boric &#8211; Radio Infinita"},"content":{"rendered":"<p style=\"text-align: justify;\">Entrevistado habla sobre la pol\u00e9mica polera donde aparece Jaime Guzm\u00e1n que mostr\u00f3 el diputado Gabriel Boric.<\/p>\n<p><b>Habla:<\/b>\u00a0Carlos Pe\u00f1a, Rector Universidad Diego Portales; Eugenio Guzm\u00e1n, Decano Facultad de Gobierno\u00a0<span class=\"highlight\">Universidad<\/span>\u00a0<span class=\"highlight\">del<\/span>\u00a0<span class=\"highlight\">Desarrollo.<\/span><\/p>\n<audio class=\"wp-audio-shortcode\" id=\"audio-3905-1\" preload=\"none\" style=\"width: 100%;\" controls=\"controls\"><source type=\"audio\/mpeg\" src=\"http:\/\/conectamedia.s3.amazonaws.com\/ef7dd64c8adc6c0a7668eb150dd3063a.mp3?_=1\" \/><a href=\"http:\/\/conectamedia.s3.amazonaws.com\/ef7dd64c8adc6c0a7668eb150dd3063a.mp3\">http:\/\/conectamedia.s3.amazonaws.com\/ef7dd64c8adc6c0a7668eb150dd3063a.mp3<\/a><\/audio>\n","protected":false},"excerpt":{"rendered":"<p>Entrevistado habla sobre la pol\u00e9mica polera donde aparece Jaime Guzm\u00e1n que mostr\u00f3 el diputado Gabriel Boric. Habla:\u00a0Carlos Pe\u00f1a, Rector Universidad Diego Portales; Eugenio Guzm\u00e1n, Decano Facultad de Gobierno\u00a0Universidad\u00a0del\u00a0Desarrollo. http:\/\/conectamedia.s3.amazonaws.com\/ef7dd64c8adc6c0a7668eb150dd3063a.mp3<\/p>\n","protected":false},"author":22,"featured_media":893,"comment_status":"open","ping_status":"open","sticky":false,"template":"","format":"standard","meta":{"footnotes":""},"categories":[10162],"tags":[],"class_list":["post-3905","post","type-post","status-publish","format-standard","has-post-thumbnail","hentry","category-centro-en-la-prensa"],"featured_image_url":"https:\/\/gobierno.udd.cl\/cpp\/files\/2015\/05\/udd_cpp_prensa_340.png","_links":{"self":[{"href":"https:\/\/gobierno.udd.cl\/cpp\/wp-json\/wp\/v2\/posts\/3905","targetHints":{"allow":["GET"]}}],"collection":[{"href":"https:\/\/gobierno.udd.cl\/cpp\/wp-json\/wp\/v2\/posts"}],"about":[{"href":"https:\/\/gobierno.udd.cl\/cpp\/wp-json\/wp\/v2\/types\/post"}],"author":[{"embeddable":true,"href":"https:\/\/gobierno.udd.cl\/cpp\/wp-json\/wp\/v2\/users\/22"}],"replies":[{"embeddable":true,"href":"https:\/\/gobierno.udd.cl\/cpp\/wp-json\/wp\/v2\/comments?post=3905"}],"version-history":[{"count":1,"href":"https:\/\/gobierno.udd.cl\/cpp\/wp-json\/wp\/v2\/posts\/3905\/revisions"}],"predecessor-version":[{"id":3906,"href":"https:\/\/gobierno.udd.cl\/cpp\/wp-json\/wp\/v2\/posts\/3905\/revisions\/3906"}],"wp:featuredmedia":[{"embeddable":true,"href":"https:\/\/gobierno.udd.cl\/cpp\/wp-json\/wp\/v2\/media\/893"}],"wp:attachment":[{"href":"https:\/\/gobierno.udd.cl\/cpp\/wp-json\/wp\/v2\/media?parent=3905"}],"wp:term":[{"taxonomy":"category","embeddable":true,"href":"https:\/\/gobierno.udd.cl\/cpp\/wp-json\/wp\/v2\/categories?post=3905"},{"taxonomy":"post_tag","embeddable":true,"href":"https:\/\/gobierno.udd.cl\/cpp\/wp-json\/wp\/v2\/tags?post=3905"}],"curies":[{"name":"wp","href":"https:\/\/api.w.org\/{rel}","templated":true}]}}