{"id":3903,"date":"2019-01-10T22:41:31","date_gmt":"2019-01-11T01:41:31","guid":{"rendered":"http:\/\/gobierno.udd.cl\/cpp\/?p=3903"},"modified":"2019-01-10T22:41:31","modified_gmt":"2019-01-11T01:41:31","slug":"entrevista-a-guido-larson-director-del-instituto-de-humanidades-de-la-udd-sobre-contingencia-politica-radio-el-conquistador","status":"publish","type":"post","link":"https:\/\/gobierno.udd.cl\/cpp\/noticias\/2019\/01\/10\/entrevista-a-guido-larson-director-del-instituto-de-humanidades-de-la-udd-sobre-contingencia-politica-radio-el-conquistador\/","title":{"rendered":"Entrevista a Guido Larson, director del Instituto de Humanidades de la UDD, sobre contingencia pol\u00edtica &#8211; Radio El Conquistador"},"content":{"rendered":"<ul>\n<li style=\"text-align: justify;\">En Estados Unidos, Donald Trump deber\u00e1 enfrentar un a\u00f1o con los dem\u00f3cratas al control de la C\u00e1mara de Representantes.<\/li>\n<li style=\"text-align: justify;\">Relaciones internaciones de Chile con los Gobiernos de la Regi\u00f3n, entre ellos: Jair Bolsonaro y Evo Morales.<\/li>\n<li style=\"text-align: justify;\">Guerra comercial entre Estados Unidos y China.<\/li>\n<\/ul>\n<p style=\"text-align: justify;\">\n<b>Habla:<\/b>\u00a0<span class=\"highlight\">Guido<\/span>\u00a0<span class=\"highlight\">Larson<\/span>, director del Instituto de Humanidades de la Universidad del Desarrollo y m\u00e1ster en relaciones interanciones, terrorismo y conflictos.<\/p>\n<audio class=\"wp-audio-shortcode\" id=\"audio-3903-1\" preload=\"none\" style=\"width: 100%;\" controls=\"controls\"><source type=\"audio\/mpeg\" src=\"http:\/\/conectamedia.s3.amazonaws.com\/c942167c746ff50699d4f1aa8d7d3ad3.mp3?_=1\" \/><a href=\"http:\/\/conectamedia.s3.amazonaws.com\/c942167c746ff50699d4f1aa8d7d3ad3.mp3\">http:\/\/conectamedia.s3.amazonaws.com\/c942167c746ff50699d4f1aa8d7d3ad3.mp3<\/a><\/audio>\n","protected":false},"excerpt":{"rendered":"<p>En Estados Unidos, Donald Trump deber\u00e1 enfrentar un a\u00f1o con los dem\u00f3cratas al control de la C\u00e1mara de Representantes. Relaciones internaciones de Chile con los Gobiernos de la Regi\u00f3n, entre ellos: Jair Bolsonaro y Evo Morales. Guerra comercial entre Estados Unidos y China. Habla:\u00a0Guido\u00a0Larson, director del Instituto de Humanidades de la Universidad del Desarrollo y [&hellip;]<\/p>\n","protected":false},"author":22,"featured_media":893,"comment_status":"open","ping_status":"open","sticky":false,"template":"","format":"standard","meta":{"footnotes":""},"categories":[10162],"tags":[],"class_list":["post-3903","post","type-post","status-publish","format-standard","has-post-thumbnail","hentry","category-centro-en-la-prensa"],"featured_image_url":"https:\/\/gobierno.udd.cl\/cpp\/files\/2015\/05\/udd_cpp_prensa_340.png","_links":{"self":[{"href":"https:\/\/gobierno.udd.cl\/cpp\/wp-json\/wp\/v2\/posts\/3903","targetHints":{"allow":["GET"]}}],"collection":[{"href":"https:\/\/gobierno.udd.cl\/cpp\/wp-json\/wp\/v2\/posts"}],"about":[{"href":"https:\/\/gobierno.udd.cl\/cpp\/wp-json\/wp\/v2\/types\/post"}],"author":[{"embeddable":true,"href":"https:\/\/gobierno.udd.cl\/cpp\/wp-json\/wp\/v2\/users\/22"}],"replies":[{"embeddable":true,"href":"https:\/\/gobierno.udd.cl\/cpp\/wp-json\/wp\/v2\/comments?post=3903"}],"version-history":[{"count":1,"href":"https:\/\/gobierno.udd.cl\/cpp\/wp-json\/wp\/v2\/posts\/3903\/revisions"}],"predecessor-version":[{"id":3904,"href":"https:\/\/gobierno.udd.cl\/cpp\/wp-json\/wp\/v2\/posts\/3903\/revisions\/3904"}],"wp:featuredmedia":[{"embeddable":true,"href":"https:\/\/gobierno.udd.cl\/cpp\/wp-json\/wp\/v2\/media\/893"}],"wp:attachment":[{"href":"https:\/\/gobierno.udd.cl\/cpp\/wp-json\/wp\/v2\/media?parent=3903"}],"wp:term":[{"taxonomy":"category","embeddable":true,"href":"https:\/\/gobierno.udd.cl\/cpp\/wp-json\/wp\/v2\/categories?post=3903"},{"taxonomy":"post_tag","embeddable":true,"href":"https:\/\/gobierno.udd.cl\/cpp\/wp-json\/wp\/v2\/tags?post=3903"}],"curies":[{"name":"wp","href":"https:\/\/api.w.org\/{rel}","templated":true}]}}