{"id":3849,"date":"2018-11-06T23:35:44","date_gmt":"2018-11-07T02:35:44","guid":{"rendered":"http:\/\/gobierno.udd.cl\/cpp\/?p=3849"},"modified":"2018-11-06T23:35:44","modified_gmt":"2018-11-07T02:35:44","slug":"temuco-festeja-a-adultos-mayores-que-llegaron-a-los-100-anos-tiempo-21-araucania","status":"publish","type":"post","link":"https:\/\/gobierno.udd.cl\/cpp\/noticias\/2018\/11\/06\/temuco-festeja-a-adultos-mayores-que-llegaron-a-los-100-anos-tiempo-21-araucania\/","title":{"rendered":"Temuco festeja a adultos mayores que llegaron a los 100 a\u00f1os &#8211; Tiempo 21 Araucan\u00eda"},"content":{"rendered":"<p class=\"m_-6989172205577881517x_MsoNoSpacing\" style=\"text-align: justify;\">Con la presencia de una treintena de adultos mayores, se realiz\u00f3 en Temuco una importante celebraci\u00f3n para festejar el paso de los a\u00f1os y la experiencia de quienes hoy son parte de la tercera edad.<\/p>\n<p class=\"m_-6989172205577881517x_MsoNoSpacing\" style=\"text-align: justify;\">En un almuerzo de gala ofrecido por Caja Los H\u00e9roes en el Hotel Diego de Almagro, destac\u00f3 la celebraci\u00f3n de los 100 a\u00f1os de la se\u00f1ora Eleonor Geber y los 99 a\u00f1os del se\u00f1or Gabriel Molina, quienes festejaron junto a un importante grupo de adultos mayores en un evento denominado \u201c100 a\u00f1os junto a Los H\u00e9roes\u201d.<\/p>\n<p class=\"m_-6989172205577881517x_MsoPlainText\" style=\"text-align: justify;\">La actividad cont\u00f3 con la participaci\u00f3n de la encargada del Programa de Adulto Mayor de la Municipalidad de Temuco, Jennifer Moncada, quien asisti\u00f3 en representaci\u00f3n del alcalde Miguel Becker.<\/p>\n<p class=\"m_-6989172205577881517x_MsoNoSpacing\" style=\"text-align: justify;\">En el encuentro, los adultos mayores fueron reconocidos por los importantes y diversos aportes realizados a lo largo de sus vidas, considerando como un hito relevante haber alcanzado los 100 a\u00f1os de edad.<\/p>\n<p class=\"m_-6989172205577881517x_MsoNoSpacing\" style=\"text-align: justify;\">\u201cCon esta actividad lo que buscamos es reconocer lo importante que son los adultos mayores para nuestra sociedad, como tambi\u00e9n sus legados y promover el respeto hacia este grupo de personas que en La Araucan\u00eda superan los 167 mil, es decir 17,5% del total de habitantes de la Regi\u00f3n\u201d, se\u00f1al\u00f3 Iv\u00e1n Gallardo, agente de la sucursal de Temuco de Los H\u00e9roes.<\/p>\n<p class=\"m_-6989172205577881517x_MsoNoSpacing\" style=\"text-align: justify;\">Asimismo, Gallardo a\u00f1adi\u00f3 que \u201cen Los H\u00e9roes los adultos mayores son muy importantes y hemos desarrollado una relevante l\u00ednea de trabajo, donde por ejemplo creamos CIPEM, un programa de investigaci\u00f3n junto a la Universidad del Desarrollo para levantar informaci\u00f3n en esta materia y as\u00ed poder aportar a la discusi\u00f3n p\u00fablica y creaci\u00f3n de nuevas y mejores pol\u00edticas p\u00fablicas\u201d.<\/p>\n<p>Ver nota publicada: <a href=\"http:\/\/tiempo21araucania.cl\/temuco-festeja-a-adultos-mayores-que-llegaron-a-los-100-anos\/\" target=\"_blank\" rel=\"noopener\">http:\/\/tiempo21araucania.cl\/temuco-festeja-a-adultos-mayores-que-llegaron-a-los-100-anos\/<\/a><\/p>\n<p>&nbsp;<\/p>\n<p>&nbsp;<\/p>\n","protected":false},"excerpt":{"rendered":"<p>Con la presencia de una treintena de adultos mayores, se realiz\u00f3 en Temuco una importante celebraci\u00f3n para festejar el paso de los a\u00f1os y la experiencia de quienes hoy son parte de la tercera edad. En un almuerzo de gala ofrecido por Caja Los H\u00e9roes en el Hotel Diego de Almagro, destac\u00f3 la celebraci\u00f3n de [&hellip;]<\/p>\n","protected":false},"author":22,"featured_media":893,"comment_status":"open","ping_status":"open","sticky":false,"template":"","format":"standard","meta":{"footnotes":""},"categories":[10162],"tags":[],"class_list":["post-3849","post","type-post","status-publish","format-standard","has-post-thumbnail","hentry","category-centro-en-la-prensa"],"featured_image_url":"https:\/\/gobierno.udd.cl\/cpp\/files\/2015\/05\/udd_cpp_prensa_340.png","_links":{"self":[{"href":"https:\/\/gobierno.udd.cl\/cpp\/wp-json\/wp\/v2\/posts\/3849","targetHints":{"allow":["GET"]}}],"collection":[{"href":"https:\/\/gobierno.udd.cl\/cpp\/wp-json\/wp\/v2\/posts"}],"about":[{"href":"https:\/\/gobierno.udd.cl\/cpp\/wp-json\/wp\/v2\/types\/post"}],"author":[{"embeddable":true,"href":"https:\/\/gobierno.udd.cl\/cpp\/wp-json\/wp\/v2\/users\/22"}],"replies":[{"embeddable":true,"href":"https:\/\/gobierno.udd.cl\/cpp\/wp-json\/wp\/v2\/comments?post=3849"}],"version-history":[{"count":1,"href":"https:\/\/gobierno.udd.cl\/cpp\/wp-json\/wp\/v2\/posts\/3849\/revisions"}],"predecessor-version":[{"id":3850,"href":"https:\/\/gobierno.udd.cl\/cpp\/wp-json\/wp\/v2\/posts\/3849\/revisions\/3850"}],"wp:featuredmedia":[{"embeddable":true,"href":"https:\/\/gobierno.udd.cl\/cpp\/wp-json\/wp\/v2\/media\/893"}],"wp:attachment":[{"href":"https:\/\/gobierno.udd.cl\/cpp\/wp-json\/wp\/v2\/media?parent=3849"}],"wp:term":[{"taxonomy":"category","embeddable":true,"href":"https:\/\/gobierno.udd.cl\/cpp\/wp-json\/wp\/v2\/categories?post=3849"},{"taxonomy":"post_tag","embeddable":true,"href":"https:\/\/gobierno.udd.cl\/cpp\/wp-json\/wp\/v2\/tags?post=3849"}],"curies":[{"name":"wp","href":"https:\/\/api.w.org\/{rel}","templated":true}]}}