{"id":3845,"date":"2018-11-06T23:33:49","date_gmt":"2018-11-07T02:33:49","guid":{"rendered":"http:\/\/gobierno.udd.cl\/cpp\/?p=3845"},"modified":"2018-11-06T23:33:49","modified_gmt":"2018-11-07T02:33:49","slug":"liceos-bicentenario-una-red-de-excelencia-el-austral-de-temuco","status":"publish","type":"post","link":"https:\/\/gobierno.udd.cl\/cpp\/noticias\/2018\/11\/06\/liceos-bicentenario-una-red-de-excelencia-el-austral-de-temuco\/","title":{"rendered":"Liceos Bicentenario, una red de excelencia  &#8211; El Austral de Temuco"},"content":{"rendered":"<p style=\"text-align: justify;\">En el a\u00f1o 2010 el Presidente Pi\u00f1era impuls\u00f3 los Liceo Bicentenario en nuestro pa\u00eds, consistente en una red de 60 establecimientos de excelencia, 5 de ellos se encuentran en La Arau-can\u00eda. El prop\u00f3sito del programa Liceos Bicentenarios es contribuir a mejorar la calidad de la educaci\u00f3n en educaci\u00f3n media y por ello comparten 3 principios de excelencia para entregar una educaci\u00f3n de calidad: altas expectativas, foco en los aprendizajes y respeto por el profesor y la sala de clases. Pilares que los han llevado a resaltar su rendimiento por sobre otros establecimientos educacionales. Un reciente estudio de la Universidad del Desarrollo concluy\u00f3 que los estudiantes de los Liceos Bicentenario obtuvieron mejores resultados en la PSU 2017, que los estudiantes los alumnos de Liceos Emblem\u00e1ticos. De acuerdo a los datos del SIMCE en 2o medio, entre el 2013 y 2015 se establece que los Liceos Bicentenario superaron a los emblem\u00e1ticos en 20 puntos en Matem\u00e1tica y 15 puntos en Lenguaje. Todo lo anterior no hace m\u00e1s que reafirmar lo que el Presidente Pinera comenz\u00f3 el a\u00f1o 2010 y es la raz\u00f3n por la que hoy en su segundo mandato, el Presidente Sebasti\u00e1n Pi\u00f1era se ha propuesto crear una Red P\u00fablica de Excelencia Escolar, ampliando a 300 los Liceos Bicentenario, con \u00e9nfasis en la educaci\u00f3n t\u00e9cnico-profesional, logrando con esto generar una exitosa articulaci\u00f3n con el mundo productivo y la educaci\u00f3n superior. Los Liceos Bicentenario T\u00e9cnico-Profesionales deber\u00e1n ser un modelo para el resto de los establecimientos, comprometi\u00e9ndose a entregar una educaci\u00f3n de calidad, garantizando que los estudiantes adquieran los aprendizajes necesarios para desarrollar todos sus talentos; Construir un fuerte v\u00ednculo con la empresa y el territorio; acercar a los estudiantes a la experiencia del mundo del trabajo a trav\u00e9s de modelos de alternancia y al mismo tiempo entregar informaci\u00f3n para favorecer su decisi\u00f3n vocacio-nal y generar las oportunidades para la continuidad de estudios en la educaci\u00f3n superior. S\u00f3lo entregando CALIDAD a la educaci\u00f3n de nuestros ni\u00f1os, ni\u00f1as y j\u00f3venes, podremos realmente hablar de EQUIDAD.<\/p>\n<p><a href=\"https:\/\/goo.gl\/Z36yN2\" target=\"_blank\" rel=\"noopener\"><img loading=\"lazy\" decoding=\"async\" class=\"size-medium wp-image-3847 aligncenter\" src=\"http:\/\/gobierno.udd.cl\/cpp\/files\/2018\/11\/2ceef2bf285a1a5f2e4fee93e2d16272-210x300.jpg\" alt=\"\" width=\"210\" height=\"300\" srcset=\"https:\/\/gobierno.udd.cl\/cpp\/files\/2018\/11\/2ceef2bf285a1a5f2e4fee93e2d16272-210x300.jpg 210w, https:\/\/gobierno.udd.cl\/cpp\/files\/2018\/11\/2ceef2bf285a1a5f2e4fee93e2d16272-768x1098.jpg 768w, https:\/\/gobierno.udd.cl\/cpp\/files\/2018\/11\/2ceef2bf285a1a5f2e4fee93e2d16272-717x1024.jpg 717w, https:\/\/gobierno.udd.cl\/cpp\/files\/2018\/11\/2ceef2bf285a1a5f2e4fee93e2d16272-672x960.jpg 672w, https:\/\/gobierno.udd.cl\/cpp\/files\/2018\/11\/2ceef2bf285a1a5f2e4fee93e2d16272.jpg 1440w\" sizes=\"auto, (max-width: 210px) 100vw, 210px\" \/><\/a><\/p>\n","protected":false},"excerpt":{"rendered":"<p>En el a\u00f1o 2010 el Presidente Pi\u00f1era impuls\u00f3 los Liceo Bicentenario en nuestro pa\u00eds, consistente en una red de 60 establecimientos de excelencia, 5 de ellos se encuentran en La Arau-can\u00eda. El prop\u00f3sito del programa Liceos Bicentenarios es contribuir a mejorar la calidad de la educaci\u00f3n en educaci\u00f3n media y por ello comparten 3 principios [&hellip;]<\/p>\n","protected":false},"author":22,"featured_media":893,"comment_status":"open","ping_status":"open","sticky":false,"template":"","format":"standard","meta":{"footnotes":""},"categories":[10162],"tags":[],"class_list":["post-3845","post","type-post","status-publish","format-standard","has-post-thumbnail","hentry","category-centro-en-la-prensa"],"featured_image_url":"https:\/\/gobierno.udd.cl\/cpp\/files\/2015\/05\/udd_cpp_prensa_340.png","_links":{"self":[{"href":"https:\/\/gobierno.udd.cl\/cpp\/wp-json\/wp\/v2\/posts\/3845","targetHints":{"allow":["GET"]}}],"collection":[{"href":"https:\/\/gobierno.udd.cl\/cpp\/wp-json\/wp\/v2\/posts"}],"about":[{"href":"https:\/\/gobierno.udd.cl\/cpp\/wp-json\/wp\/v2\/types\/post"}],"author":[{"embeddable":true,"href":"https:\/\/gobierno.udd.cl\/cpp\/wp-json\/wp\/v2\/users\/22"}],"replies":[{"embeddable":true,"href":"https:\/\/gobierno.udd.cl\/cpp\/wp-json\/wp\/v2\/comments?post=3845"}],"version-history":[{"count":1,"href":"https:\/\/gobierno.udd.cl\/cpp\/wp-json\/wp\/v2\/posts\/3845\/revisions"}],"predecessor-version":[{"id":3848,"href":"https:\/\/gobierno.udd.cl\/cpp\/wp-json\/wp\/v2\/posts\/3845\/revisions\/3848"}],"wp:featuredmedia":[{"embeddable":true,"href":"https:\/\/gobierno.udd.cl\/cpp\/wp-json\/wp\/v2\/media\/893"}],"wp:attachment":[{"href":"https:\/\/gobierno.udd.cl\/cpp\/wp-json\/wp\/v2\/media?parent=3845"}],"wp:term":[{"taxonomy":"category","embeddable":true,"href":"https:\/\/gobierno.udd.cl\/cpp\/wp-json\/wp\/v2\/categories?post=3845"},{"taxonomy":"post_tag","embeddable":true,"href":"https:\/\/gobierno.udd.cl\/cpp\/wp-json\/wp\/v2\/tags?post=3845"}],"curies":[{"name":"wp","href":"https:\/\/api.w.org\/{rel}","templated":true}]}}