{"id":3836,"date":"2018-10-31T15:18:08","date_gmt":"2018-10-31T18:18:08","guid":{"rendered":"http:\/\/gobierno.udd.cl\/cpp\/?p=3836"},"modified":"2018-10-31T15:18:22","modified_gmt":"2018-10-31T18:18:22","slug":"soledad-en-los-adultos-mayores-el-dilema-de-las-redes-sociales-fm-plus","status":"publish","type":"post","link":"https:\/\/gobierno.udd.cl\/cpp\/noticias\/2018\/10\/31\/soledad-en-los-adultos-mayores-el-dilema-de-las-redes-sociales-fm-plus\/","title":{"rendered":"Soledad en los adultos mayores: el dilema de las redes sociales &#8211; FM Plus"},"content":{"rendered":"<div class=\"col-md-6\">\n<p style=\"text-align: justify;\">Una de las m\u00faltiples causas del envejecimiento en la poblaci\u00f3n son las enfermedades mentales. En el mundo el 15% de los adultos mayores, posee alg\u00fan tipo de trastorno mental, seg\u00fan la OMS. Entre los factores que afectan la salud mental de los adultos mayores, y que lo hacen propenso al suicidio, se encuentra el abandono y la p\u00e9rdida de sus redes sociales y familiares.<br \/>\nChile no est\u00e1 exento de esta problem\u00e1tica y su soluci\u00f3n se perfila como uno de los grandes desaf\u00edos sociales que enfrentar\u00e1 el pa\u00eds en las pr\u00f3ximas d\u00e9cadas. Seg\u00fan las cifras del \u00faltimo Censo de poblaci\u00f3n (2017), la poblaci\u00f3n de adultos mayores en Chile asciende a cerca de 2,85 millones, de los cuales alrededor de 410.000 se\u00f1alan vivir en hogares unipersonales. Ah\u00ed radica el principal riesgo.<br \/>\nUn reciente estudio realizado por la Caja de Compensaci\u00f3n Los H\u00e9roes en conjunto con la\u00a0<span class=\"highlight\">Universidad<\/span>\u00a0<span class=\"highlight\">del<\/span>\u00a0<span class=\"highlight\">Desarrollo<\/span>\u00a0(<span class=\"highlight\">UDD<\/span>) demostr\u00f3 que existe una relaci\u00f3n directa entre la soledad y las tasas de suicidio de adultos mayores. C\u00f3mo se observa en el gr\u00e1fico N\u00b01, al desagregar por regi\u00f3n se concluye aquellas que presentan el mayor porcentaje de adultos mayores que viven solos tambi\u00e9n tienden a registrar mayores tasas de mortalidad por suicidio.El rol de las Redes Sociales Digitales<br \/>\nMientras la soledad de los adultos mayores se extiende como una pandemia social, las redes sociales digitales se han perfilado como una de las alternativas para hacer frente a esta situaci\u00f3n.<br \/>\nUna encuesta realizada por Caja Los H\u00e9roes y Cadem concluy\u00f3 que el uso de las redes sociales digitales puede combatir el aislamiento y soledad que experimentan un grupo importante de adultos mayores, pues \u00e9stas permiten que exista una mayor cercan\u00eda y v\u00ednculo con quienes los rodean.El sondeo, realizado en todas las capitales regionales del pa\u00eds, muestra que m\u00e1s de la mitad de los encuestados (51%) utiliza redes sociales<br \/>\npara comunicarse con alg\u00fan adulto mayor, como tambi\u00e9n un 76% considera que efectivamente ayudan a combatir el aislamiento y soledad. Este porcentaje es particularmente elevado en la poblaci\u00f3n de adultos y adultos mayores (entre 35 y mayores de 60 a\u00f1os), donde llega al 80% frente al 70% de los j\u00f3venes en 18 y 35 a\u00f1os.Entre las redes m\u00e1s utilizadas predomina el uso de WhatsApp con un 92%, seguido por Facebook con 57%, y m\u00e1s distante se encuentran el uso de Instagram, Twitter u otra.<br \/>\n\u201cEl abandono de los adultos mayores se debe\u2028a la p\u00e9rdida de todo tipo de redes familiares o\u2028sociales. Frente a esto, el uso de herramientas tecnol\u00f3gicas que otorguen conectividad, podr\u00eda ayudar a combatir el aislamiento. En este sentido, las herramientas digitales pueden ser muy \u00fatiles, y brindar la oportunidad de mejorar la comunicaci\u00f3n con el mundo exterior, especialmente con la red familiar y as\u00ed mantener las redes activas de quienes hoy son una parte importante de la poblaci\u00f3n mundial y nacional\u201d, se\u00f1al\u00f3 Germ\u00e1n Lafrentz, gerente de Asuntos Corporativos de Caja Los H\u00e9roes.No obstante lo anterior, Lafrentz advirti\u00f3 que es importante no simplificar el problema y buscar entenderlo desde su origen, pues hay diversos estudios internacionales que han puesto las alarmas en los efectos de las redes sociales digitales al momento de construir lazos de largo plazo.<br \/>\n\u201cSin lugar a dudas que el Whatsapp o Facebook, por citar algunos, son paliativos que ayudan a compensar la soledad en el corto plazo, pero hay que ver c\u00f3mo estas herramientas est\u00e1n afectando las relaciones con los adultos mayores hoy d\u00eda y c\u00f3mo atentan contra los v\u00ednculos sociales en el futuro. No hay mensaje o fotograf\u00eda que reemplace una visita peri\u00f3dica o una conversaci\u00f3n desinteresada\u201d, afirm\u00f3 Germ\u00e1n Lafrentz.<br \/>\nEn este sentido, la Caja Los H\u00e9roes ha llevado adelante un programa de Acompa\u00f1amiento telef\u00f3nico que busca ayudar a los adultos mayores a enfrentar la soledad y sentir la compa\u00f1\u00eda, aunque sea a trav\u00e9s de conversaciones telef\u00f3nicas. \u201cHemos descubierto que una simple llamada de una voz conocida puede ser vital para muchos adultos, quienes terminan construyendo una relaci\u00f3n de afecto y confianza con la persona que est\u00e1 al otro lado del tel\u00e9fono\u201d, concluy\u00f3 Masalleras.<\/p>\n<p><a href=\"http:\/\/gobierno.udd.cl\/cpp\/files\/2018\/10\/e1a8c4527ec5edea2974a49cb8dac2ac.jpg\"><img loading=\"lazy\" decoding=\"async\" class=\"size-medium wp-image-3837 aligncenter\" src=\"http:\/\/gobierno.udd.cl\/cpp\/files\/2018\/10\/e1a8c4527ec5edea2974a49cb8dac2ac-83x300.jpg\" alt=\"\" width=\"83\" height=\"300\" srcset=\"https:\/\/gobierno.udd.cl\/cpp\/files\/2018\/10\/e1a8c4527ec5edea2974a49cb8dac2ac-83x300.jpg 83w, https:\/\/gobierno.udd.cl\/cpp\/files\/2018\/10\/e1a8c4527ec5edea2974a49cb8dac2ac-768x2777.jpg 768w, https:\/\/gobierno.udd.cl\/cpp\/files\/2018\/10\/e1a8c4527ec5edea2974a49cb8dac2ac-283x1024.jpg 283w, https:\/\/gobierno.udd.cl\/cpp\/files\/2018\/10\/e1a8c4527ec5edea2974a49cb8dac2ac-265x960.jpg 265w, https:\/\/gobierno.udd.cl\/cpp\/files\/2018\/10\/e1a8c4527ec5edea2974a49cb8dac2ac.jpg 1400w\" sizes=\"auto, (max-width: 83px) 100vw, 83px\" \/><\/a><\/p>\n<\/div>\n","protected":false},"excerpt":{"rendered":"<p>Una de las m\u00faltiples causas del envejecimiento en la poblaci\u00f3n son las enfermedades mentales. En el mundo el 15% de los adultos mayores, posee alg\u00fan tipo de trastorno mental, seg\u00fan la OMS. Entre los factores que afectan la salud mental de los adultos mayores, y que lo hacen propenso al suicidio, se encuentra el abandono [&hellip;]<\/p>\n","protected":false},"author":22,"featured_media":893,"comment_status":"open","ping_status":"open","sticky":false,"template":"","format":"standard","meta":{"footnotes":""},"categories":[10162],"tags":[],"class_list":["post-3836","post","type-post","status-publish","format-standard","has-post-thumbnail","hentry","category-centro-en-la-prensa"],"featured_image_url":"https:\/\/gobierno.udd.cl\/cpp\/files\/2015\/05\/udd_cpp_prensa_340.png","_links":{"self":[{"href":"https:\/\/gobierno.udd.cl\/cpp\/wp-json\/wp\/v2\/posts\/3836","targetHints":{"allow":["GET"]}}],"collection":[{"href":"https:\/\/gobierno.udd.cl\/cpp\/wp-json\/wp\/v2\/posts"}],"about":[{"href":"https:\/\/gobierno.udd.cl\/cpp\/wp-json\/wp\/v2\/types\/post"}],"author":[{"embeddable":true,"href":"https:\/\/gobierno.udd.cl\/cpp\/wp-json\/wp\/v2\/users\/22"}],"replies":[{"embeddable":true,"href":"https:\/\/gobierno.udd.cl\/cpp\/wp-json\/wp\/v2\/comments?post=3836"}],"version-history":[{"count":3,"href":"https:\/\/gobierno.udd.cl\/cpp\/wp-json\/wp\/v2\/posts\/3836\/revisions"}],"predecessor-version":[{"id":3840,"href":"https:\/\/gobierno.udd.cl\/cpp\/wp-json\/wp\/v2\/posts\/3836\/revisions\/3840"}],"wp:featuredmedia":[{"embeddable":true,"href":"https:\/\/gobierno.udd.cl\/cpp\/wp-json\/wp\/v2\/media\/893"}],"wp:attachment":[{"href":"https:\/\/gobierno.udd.cl\/cpp\/wp-json\/wp\/v2\/media?parent=3836"}],"wp:term":[{"taxonomy":"category","embeddable":true,"href":"https:\/\/gobierno.udd.cl\/cpp\/wp-json\/wp\/v2\/categories?post=3836"},{"taxonomy":"post_tag","embeddable":true,"href":"https:\/\/gobierno.udd.cl\/cpp\/wp-json\/wp\/v2\/tags?post=3836"}],"curies":[{"name":"wp","href":"https:\/\/api.w.org\/{rel}","templated":true}]}}