{"id":3832,"date":"2018-10-31T15:16:04","date_gmt":"2018-10-31T18:16:04","guid":{"rendered":"http:\/\/gobierno.udd.cl\/cpp\/?p=3832"},"modified":"2018-10-31T15:16:22","modified_gmt":"2018-10-31T18:16:22","slug":"a-medio-siglo-de-su-fundacion-metro-avanza-en-las-extensiones-de-las-lineas-2-y-3-el-mercurio","status":"publish","type":"post","link":"https:\/\/gobierno.udd.cl\/cpp\/noticias\/2018\/10\/31\/a-medio-siglo-de-su-fundacion-metro-avanza-en-las-extensiones-de-las-lineas-2-y-3-el-mercurio\/","title":{"rendered":"A medio siglo de su fundaci\u00f3n, Metro avanza en las extensiones de las l\u00edneas 2 y 3 &#8211; El Mercurio"},"content":{"rendered":"<p style=\"text-align: justify;\">El 24 de octubre de 1968, el entonces presidente Eduardo Frei Montalva firm\u00f3 el decreto que dio paso a la construcci\u00f3n del Metro de Santiago, que fue inaugurado en 1975.<\/p>\n<p style=\"text-align: justify;\">Hoy, 50 a\u00f1os despu\u00e9s del hito inicial, el sistema se perfila como la piedra angular del Tercer Milenio, el modelo de transporte p\u00fablico que tendr\u00e1 la capital en lugar del cuestionado y deficitario Transantiago.<\/p>\n<p style=\"text-align: justify;\">Se prev\u00e9 que hacia 2026 la red pasar\u00e1 de 118 a 215 kil\u00f3metros, debido a la operaci\u00f3n de las futuras l\u00edneas 7, 8 y 9, adem\u00e1s de las extensiones de las 2 y 3, que llegar\u00e1n hasta San Bernardo y Quilicura, respectivamente. Sobre estos \u00faltimos proyectos, el presidente de la empresa estatal, Louis de Grange, afirm\u00f3 que \u00abllevan un 15% de avance\u00bb.<\/p>\n<p style=\"text-align: justify;\"><strong>A nuevas comunas<\/strong><\/p>\n<p style=\"text-align: justify;\">La extensi\u00f3n de la L\u00ednea 2, que ir\u00e1 desde la estaci\u00f3n intermodal de La Cisterna hacia San Bernardo y El Bosque -que hoy no tienen este transporte-, cuenta con un 9% de avance, lo que involucra todas las actividades de ejecuci\u00f3n, incluyendo las licitaciones.<\/p>\n<p style=\"text-align: justify;\">Respecto de ese \u00edtem, Metro abri\u00f3 este mes el proceso de las obras previas de la estaci\u00f3n Riquelme, una de las cuatro paradas del futuro segmento.<\/p>\n<p style=\"text-align: justify;\">Dichas obras a licitar permitir\u00e1n el desarrollo de las faenas para los piques y t\u00faneles necesarios para la construcci\u00f3n de la estaci\u00f3n. Las ofertas se iniciar\u00e1n en noviembre y el 7 de enero se cerrar\u00e1 el proceso.<\/p>\n<p style=\"text-align: justify;\">Mientras, la L\u00ednea 3, que se extender\u00e1 hasta Quilicura -otra zona que a la que hoy no llega la red- ya inici\u00f3 obras, en palabras del presidente de la estatal. De Grange tambi\u00e9n proyecta que \u00ablas extensiones van a estar listas en 2022\u00bb.<\/p>\n<p style=\"text-align: justify;\">Sobre los otros proyectos, dice, \u00abya empezamos los estudios de ingenier\u00eda b\u00e1sica de la L\u00ednea 7 y estamos iniciando los estudios de ingenier\u00eda conceptual de las l\u00edneas 8 y 9 , al igual que la extensi\u00f3n de la 4 a Bajos de Mena\u00bb.<\/p>\n<p style=\"text-align: justify;\"><strong>Historia<\/strong><\/p>\n<p style=\"text-align: justify;\">Ayer, en la conmemoraci\u00f3n del aniversario, en la entrada hacia la estaci\u00f3n La Moneda por la calle Lord Cochrane, se inaugur\u00f3 \u00abV\u00eda Parrochia\u00bb, una instalaci\u00f3n temporal de 26 metros de largo que cuenta la historia de la red.<\/p>\n<p style=\"text-align: justify;\">Como su nombre lo indica, rinde homenaje al arquitecto y urbanista Juan Parrochia, uno de los visionarios que dieron origen a este transporte y que se convirti\u00f3 en su primer director.<\/p>\n<p style=\"text-align: justify;\">Iv\u00e1n Poduje, urbanista y director de la Fundaci\u00f3n Espacio P\u00fablico, dice que \u00abcambi\u00f3 el paradigma del transporte, por lo que ha sido crucial el efecto que ha tenido en Santiago debido al desarrollo que genera\u00bb.<\/p>\n<p style=\"text-align: justify;\">Agrega que \u00aba futuro, y en esto hay consenso t\u00e9cnico, no solo ser\u00e1 la columna vertebral, sino que tambi\u00e9n todas las rutas troncales ser\u00e1n de Metro\u00bb.<\/p>\n<p style=\"text-align: justify;\">Coincide Rodrigo Troncoso, investigador del Centro de Pol\u00edticas P\u00fablicas de la\u00a0<span class=\"highlight\">U<\/span>.\u00a0<span class=\"highlight\">del<\/span>\u00a0<span class=\"highlight\">Desarrollo<\/span>: \u00abSantiago hoy es una ciudad muy diferente a como era hace 50 a\u00f1os, y el rol de Metro ha ido consolid\u00e1ndose, de una red limitada y una ciudad con bajo niveles de congesti\u00f3n, a lo que es hoy, donde este transporte moviliza a casi el 50% de quienes usan el sistema. Y eso seguir\u00e1 creciendo, especialmente con la L\u00ednea 3\u00bb.<\/p>\n<p style=\"text-align: justify;\">Ese proyecto, que tiene 22 kil\u00f3metros de extensi\u00f3n y une Quilicura y La Reina en cerca de 30 minutos, debutar\u00e1 en enero pr\u00f3ximo.<\/p>\n<p><a href=\"https:\/\/goo.gl\/msFCUv\"><img loading=\"lazy\" decoding=\"async\" class=\"size-medium wp-image-3833 aligncenter\" src=\"http:\/\/gobierno.udd.cl\/cpp\/files\/2018\/10\/2018-10-25_impresa.elmercurio.com_MERSTNA008CC2510_1100-160x300.png\" alt=\"\" width=\"160\" height=\"300\" srcset=\"https:\/\/gobierno.udd.cl\/cpp\/files\/2018\/10\/2018-10-25_impresa.elmercurio.com_MERSTNA008CC2510_1100-160x300.png 160w, https:\/\/gobierno.udd.cl\/cpp\/files\/2018\/10\/2018-10-25_impresa.elmercurio.com_MERSTNA008CC2510_1100-768x1442.png 768w, https:\/\/gobierno.udd.cl\/cpp\/files\/2018\/10\/2018-10-25_impresa.elmercurio.com_MERSTNA008CC2510_1100-545x1024.png 545w, https:\/\/gobierno.udd.cl\/cpp\/files\/2018\/10\/2018-10-25_impresa.elmercurio.com_MERSTNA008CC2510_1100-511x960.png 511w\" sizes=\"auto, (max-width: 160px) 100vw, 160px\" \/><\/a><\/p>\n<p>&nbsp;<\/p>\n","protected":false},"excerpt":{"rendered":"<p>Las expansiones -que acumulan un 15% de avance- se inaugurar\u00e1n en 2022.<\/p>\n","protected":false},"author":22,"featured_media":893,"comment_status":"open","ping_status":"open","sticky":false,"template":"","format":"standard","meta":{"footnotes":""},"categories":[10162],"tags":[],"class_list":["post-3832","post","type-post","status-publish","format-standard","has-post-thumbnail","hentry","category-centro-en-la-prensa"],"featured_image_url":"https:\/\/gobierno.udd.cl\/cpp\/files\/2015\/05\/udd_cpp_prensa_340.png","_links":{"self":[{"href":"https:\/\/gobierno.udd.cl\/cpp\/wp-json\/wp\/v2\/posts\/3832","targetHints":{"allow":["GET"]}}],"collection":[{"href":"https:\/\/gobierno.udd.cl\/cpp\/wp-json\/wp\/v2\/posts"}],"about":[{"href":"https:\/\/gobierno.udd.cl\/cpp\/wp-json\/wp\/v2\/types\/post"}],"author":[{"embeddable":true,"href":"https:\/\/gobierno.udd.cl\/cpp\/wp-json\/wp\/v2\/users\/22"}],"replies":[{"embeddable":true,"href":"https:\/\/gobierno.udd.cl\/cpp\/wp-json\/wp\/v2\/comments?post=3832"}],"version-history":[{"count":2,"href":"https:\/\/gobierno.udd.cl\/cpp\/wp-json\/wp\/v2\/posts\/3832\/revisions"}],"predecessor-version":[{"id":3835,"href":"https:\/\/gobierno.udd.cl\/cpp\/wp-json\/wp\/v2\/posts\/3832\/revisions\/3835"}],"wp:featuredmedia":[{"embeddable":true,"href":"https:\/\/gobierno.udd.cl\/cpp\/wp-json\/wp\/v2\/media\/893"}],"wp:attachment":[{"href":"https:\/\/gobierno.udd.cl\/cpp\/wp-json\/wp\/v2\/media?parent=3832"}],"wp:term":[{"taxonomy":"category","embeddable":true,"href":"https:\/\/gobierno.udd.cl\/cpp\/wp-json\/wp\/v2\/categories?post=3832"},{"taxonomy":"post_tag","embeddable":true,"href":"https:\/\/gobierno.udd.cl\/cpp\/wp-json\/wp\/v2\/tags?post=3832"}],"curies":[{"name":"wp","href":"https:\/\/api.w.org\/{rel}","templated":true}]}}