{"id":3803,"date":"2018-10-18T00:47:15","date_gmt":"2018-10-18T03:47:15","guid":{"rendered":"http:\/\/gobierno.udd.cl\/cpp\/?p=3803"},"modified":"2018-10-18T00:47:36","modified_gmt":"2018-10-18T03:47:36","slug":"buenos-resultados-de-liceos-bicentenario-cnn-chile","status":"publish","type":"post","link":"https:\/\/gobierno.udd.cl\/cpp\/noticias\/2018\/10\/18\/buenos-resultados-de-liceos-bicentenario-cnn-chile\/","title":{"rendered":"Buenos resultados de Liceos Bicentenario &#8211; CNN Chile"},"content":{"rendered":"<p style=\"text-align: justify;\">Un estudio de la\u00a0<span class=\"highlight\">Universidad<\/span>\u00a0<span class=\"highlight\">del<\/span>\u00a0<span class=\"highlight\">Desarrollo<\/span>, revel\u00f3 que los liceos bicentenario obtienen mejores resultados que los emblem\u00e1ticos en el SIMCE.<\/p>\n<p style=\"text-align: justify;\"><b>Habla:<\/b>\u00a0Francisca Dussaillant, Inv. Asociada F. Gobierno\u00a0<span class=\"highlight\">UDD<\/span>; Nicole Cisternas, Directora P. Educaci\u00f3n 2020; Daniel Rodr\u00edguez, Director ejecutivo Acci\u00f3n Educar<\/p>\n<p style=\"text-align: justify;\"><b>Menci\u00f3n:<\/b>\u00a0<span class=\"highlight\">Universidad<\/span>\u00a0<span class=\"highlight\">del<\/span>\u00a0<span class=\"highlight\">Desarrollo<\/span>, Ministerio de Educaci\u00f3n<\/p>\n<div style=\"width: 640px;\" class=\"wp-video\"><video class=\"wp-video-shortcode\" id=\"video-3803-1\" width=\"640\" height=\"360\" preload=\"metadata\" controls=\"controls\"><source type=\"video\/mp4\" src=\"http:\/\/conectamedia.s3.amazonaws.com\/19e9c806cbe883de45e6826b112bc52f.mp4?_=1\" \/><a href=\"http:\/\/conectamedia.s3.amazonaws.com\/19e9c806cbe883de45e6826b112bc52f.mp4\">http:\/\/conectamedia.s3.amazonaws.com\/19e9c806cbe883de45e6826b112bc52f.mp4<\/a><\/video><\/div>\n","protected":false},"excerpt":{"rendered":"<p>Un estudio de la\u00a0Universidad\u00a0del\u00a0Desarrollo, revel\u00f3 que los liceos bicentenario obtienen mejores resultados que los emblem\u00e1ticos en el SIMCE. Habla:\u00a0Francisca Dussaillant, Inv. Asociada F. Gobierno\u00a0UDD; Nicole Cisternas, Directora P. Educaci\u00f3n 2020; Daniel Rodr\u00edguez, Director ejecutivo Acci\u00f3n Educar Menci\u00f3n:\u00a0Universidad\u00a0del\u00a0Desarrollo, Ministerio de Educaci\u00f3n<\/p>\n","protected":false},"author":22,"featured_media":893,"comment_status":"open","ping_status":"open","sticky":false,"template":"","format":"standard","meta":{"footnotes":""},"categories":[10162],"tags":[],"class_list":["post-3803","post","type-post","status-publish","format-standard","has-post-thumbnail","hentry","category-centro-en-la-prensa"],"featured_image_url":"https:\/\/gobierno.udd.cl\/cpp\/files\/2015\/05\/udd_cpp_prensa_340.png","_links":{"self":[{"href":"https:\/\/gobierno.udd.cl\/cpp\/wp-json\/wp\/v2\/posts\/3803","targetHints":{"allow":["GET"]}}],"collection":[{"href":"https:\/\/gobierno.udd.cl\/cpp\/wp-json\/wp\/v2\/posts"}],"about":[{"href":"https:\/\/gobierno.udd.cl\/cpp\/wp-json\/wp\/v2\/types\/post"}],"author":[{"embeddable":true,"href":"https:\/\/gobierno.udd.cl\/cpp\/wp-json\/wp\/v2\/users\/22"}],"replies":[{"embeddable":true,"href":"https:\/\/gobierno.udd.cl\/cpp\/wp-json\/wp\/v2\/comments?post=3803"}],"version-history":[{"count":2,"href":"https:\/\/gobierno.udd.cl\/cpp\/wp-json\/wp\/v2\/posts\/3803\/revisions"}],"predecessor-version":[{"id":3805,"href":"https:\/\/gobierno.udd.cl\/cpp\/wp-json\/wp\/v2\/posts\/3803\/revisions\/3805"}],"wp:featuredmedia":[{"embeddable":true,"href":"https:\/\/gobierno.udd.cl\/cpp\/wp-json\/wp\/v2\/media\/893"}],"wp:attachment":[{"href":"https:\/\/gobierno.udd.cl\/cpp\/wp-json\/wp\/v2\/media?parent=3803"}],"wp:term":[{"taxonomy":"category","embeddable":true,"href":"https:\/\/gobierno.udd.cl\/cpp\/wp-json\/wp\/v2\/categories?post=3803"},{"taxonomy":"post_tag","embeddable":true,"href":"https:\/\/gobierno.udd.cl\/cpp\/wp-json\/wp\/v2\/tags?post=3803"}],"curies":[{"name":"wp","href":"https:\/\/api.w.org\/{rel}","templated":true}]}}