{"id":3799,"date":"2018-10-18T00:45:39","date_gmt":"2018-10-18T03:45:39","guid":{"rendered":"http:\/\/gobierno.udd.cl\/cpp\/?p=3799"},"modified":"2018-10-18T00:46:04","modified_gmt":"2018-10-18T03:46:04","slug":"dia-nacional-del-adulto-mayor-chilevision","status":"publish","type":"post","link":"https:\/\/gobierno.udd.cl\/cpp\/noticias\/2018\/10\/18\/dia-nacional-del-adulto-mayor-chilevision\/","title":{"rendered":"D\u00eda nacional del adulto mayor &#8211; Chilevisi\u00f3n"},"content":{"rendered":"<p style=\"text-align: justify;\">Hoy se celebra el \u00abd\u00eda de los abuelitos\u00bb y se revisa su situaci\u00f3n ec\u00f3nomica y laboral en Chile<\/p>\n<p style=\"text-align: justify;\"><b>Habla:<\/b>\u00a0Juan Carlos Molina, geriatra Cl\u00ednica Meds; MArcelo Slva, Gerente General Portal SISENIOR; Miguel B\u00f3rquez, adulto mayor: Magdalena Berr\u00edos, Due\u00f1a y productora Sol de La Florida,\u00a0<span class=\"highlight\">Universidad<\/span>\u00a0<span class=\"highlight\">del<\/span>\u00a0<span class=\"highlight\">Desarrollo<\/span>, Caja Los Andes; Rosa Rodr\u00edguez, busc\u00f3 trabajo tras jubilarse, Estaci\u00f3n Central, Las Condes,\u00a0 Diego Casales, Gerente Mia Toro Maletas; Beatriz \u00c1valos, Premio Nacional de Educaci\u00f3n, Universidad de Chile.<\/p>\n<p style=\"text-align: justify;\"><b>Menci\u00f3n:<\/b>\u00a0Chile, La Florida.<\/p>\n<div style=\"width: 640px;\" class=\"wp-video\"><video class=\"wp-video-shortcode\" id=\"video-3799-1\" width=\"640\" height=\"360\" preload=\"metadata\" controls=\"controls\"><source type=\"video\/mp4\" src=\"http:\/\/conectamedia.s3.amazonaws.com\/7c5ece41433b5234b81cb75c2a8355a8.mp4?_=1\" \/><a href=\"http:\/\/conectamedia.s3.amazonaws.com\/7c5ece41433b5234b81cb75c2a8355a8.mp4\">http:\/\/conectamedia.s3.amazonaws.com\/7c5ece41433b5234b81cb75c2a8355a8.mp4<\/a><\/video><\/div>\n","protected":false},"excerpt":{"rendered":"<p>Hoy se celebra el \u00abd\u00eda de los abuelitos\u00bb y se revisa su situaci\u00f3n ec\u00f3nomica y laboral en Chile Habla:\u00a0Juan Carlos Molina, geriatra Cl\u00ednica Meds; MArcelo Slva, Gerente General Portal SISENIOR; Miguel B\u00f3rquez, adulto mayor: Magdalena Berr\u00edos, Due\u00f1a y productora Sol de La Florida,\u00a0Universidad\u00a0del\u00a0Desarrollo, Caja Los Andes; Rosa Rodr\u00edguez, busc\u00f3 trabajo tras jubilarse, Estaci\u00f3n Central, Las [&hellip;]<\/p>\n","protected":false},"author":22,"featured_media":893,"comment_status":"open","ping_status":"open","sticky":false,"template":"","format":"standard","meta":{"footnotes":""},"categories":[10162],"tags":[],"class_list":["post-3799","post","type-post","status-publish","format-standard","has-post-thumbnail","hentry","category-centro-en-la-prensa"],"featured_image_url":"https:\/\/gobierno.udd.cl\/cpp\/files\/2015\/05\/udd_cpp_prensa_340.png","_links":{"self":[{"href":"https:\/\/gobierno.udd.cl\/cpp\/wp-json\/wp\/v2\/posts\/3799","targetHints":{"allow":["GET"]}}],"collection":[{"href":"https:\/\/gobierno.udd.cl\/cpp\/wp-json\/wp\/v2\/posts"}],"about":[{"href":"https:\/\/gobierno.udd.cl\/cpp\/wp-json\/wp\/v2\/types\/post"}],"author":[{"embeddable":true,"href":"https:\/\/gobierno.udd.cl\/cpp\/wp-json\/wp\/v2\/users\/22"}],"replies":[{"embeddable":true,"href":"https:\/\/gobierno.udd.cl\/cpp\/wp-json\/wp\/v2\/comments?post=3799"}],"version-history":[{"count":3,"href":"https:\/\/gobierno.udd.cl\/cpp\/wp-json\/wp\/v2\/posts\/3799\/revisions"}],"predecessor-version":[{"id":3802,"href":"https:\/\/gobierno.udd.cl\/cpp\/wp-json\/wp\/v2\/posts\/3799\/revisions\/3802"}],"wp:featuredmedia":[{"embeddable":true,"href":"https:\/\/gobierno.udd.cl\/cpp\/wp-json\/wp\/v2\/media\/893"}],"wp:attachment":[{"href":"https:\/\/gobierno.udd.cl\/cpp\/wp-json\/wp\/v2\/media?parent=3799"}],"wp:term":[{"taxonomy":"category","embeddable":true,"href":"https:\/\/gobierno.udd.cl\/cpp\/wp-json\/wp\/v2\/categories?post=3799"},{"taxonomy":"post_tag","embeddable":true,"href":"https:\/\/gobierno.udd.cl\/cpp\/wp-json\/wp\/v2\/tags?post=3799"}],"curies":[{"name":"wp","href":"https:\/\/api.w.org\/{rel}","templated":true}]}}