{"id":3796,"date":"2018-10-18T00:43:53","date_gmt":"2018-10-18T03:43:53","guid":{"rendered":"http:\/\/gobierno.udd.cl\/cpp\/?p=3796"},"modified":"2018-10-18T00:44:22","modified_gmt":"2018-10-18T03:44:22","slug":"buenos-resultados-de-liceos-bicentenario-en-el-simce-cnn-chile","status":"publish","type":"post","link":"https:\/\/gobierno.udd.cl\/cpp\/noticias\/2018\/10\/18\/buenos-resultados-de-liceos-bicentenario-en-el-simce-cnn-chile\/","title":{"rendered":"Buenos resultados de Liceos bicentenario en el Simce &#8211; CNN Chile"},"content":{"rendered":"<p style=\"text-align: justify;\">Superaron por 20 puntos a los emblem\u00e1ticos matem\u00e1ticas y por 15 puntos en lenguaje.<\/p>\n<p><b>Habla:<\/b>\u00a0Francisca Dussaillant; Investigadora Asociada a Facultad de Gobierno\u00a0<span class=\"highlight\">UDD<\/span>;Nicole Cisternas, Directora P. Educaci\u00f3n 2020; Daniel Rodr\u00edguez, Director Ejecutivo Acci\u00f3n Educar<\/p>\n<p><b>Menci\u00f3n:<\/b>\u00a0Simce, Liceos emblem\u00e1ticos, Joaquin Lav\u00edn, ex Ministro de Educaci\u00f3n, Facultad de Gobierno\u00a0<span class=\"highlight\">UDD<\/span>, Instituto Nacional, Liceo Lastarria; Nicole Cisternas, Directora P. Educaci\u00f3n 2020<\/p>\n<div style=\"width: 640px;\" class=\"wp-video\"><video class=\"wp-video-shortcode\" id=\"video-3796-1\" width=\"640\" height=\"360\" preload=\"metadata\" controls=\"controls\"><source type=\"video\/mp4\" src=\"http:\/\/conectamedia.s3.amazonaws.com\/dc362eecd9b5da67f99e45c5b7cd2874.mp4?_=1\" \/><a href=\"http:\/\/conectamedia.s3.amazonaws.com\/dc362eecd9b5da67f99e45c5b7cd2874.mp4\">http:\/\/conectamedia.s3.amazonaws.com\/dc362eecd9b5da67f99e45c5b7cd2874.mp4<\/a><\/video><\/div>\n","protected":false},"excerpt":{"rendered":"<p>Superaron por 20 puntos a los emblem\u00e1ticos matem\u00e1ticas y por 15 puntos en lenguaje. Habla:\u00a0Francisca Dussaillant; Investigadora Asociada a Facultad de Gobierno\u00a0UDD;Nicole Cisternas, Directora P. Educaci\u00f3n 2020; Daniel Rodr\u00edguez, Director Ejecutivo Acci\u00f3n Educar Menci\u00f3n:\u00a0Simce, Liceos emblem\u00e1ticos, Joaquin Lav\u00edn, ex Ministro de Educaci\u00f3n, Facultad de Gobierno\u00a0UDD, Instituto Nacional, Liceo Lastarria; Nicole Cisternas, Directora P. Educaci\u00f3n 2020<\/p>\n","protected":false},"author":22,"featured_media":893,"comment_status":"open","ping_status":"open","sticky":false,"template":"","format":"standard","meta":{"footnotes":""},"categories":[10162],"tags":[],"class_list":["post-3796","post","type-post","status-publish","format-standard","has-post-thumbnail","hentry","category-centro-en-la-prensa"],"featured_image_url":"https:\/\/gobierno.udd.cl\/cpp\/files\/2015\/05\/udd_cpp_prensa_340.png","_links":{"self":[{"href":"https:\/\/gobierno.udd.cl\/cpp\/wp-json\/wp\/v2\/posts\/3796","targetHints":{"allow":["GET"]}}],"collection":[{"href":"https:\/\/gobierno.udd.cl\/cpp\/wp-json\/wp\/v2\/posts"}],"about":[{"href":"https:\/\/gobierno.udd.cl\/cpp\/wp-json\/wp\/v2\/types\/post"}],"author":[{"embeddable":true,"href":"https:\/\/gobierno.udd.cl\/cpp\/wp-json\/wp\/v2\/users\/22"}],"replies":[{"embeddable":true,"href":"https:\/\/gobierno.udd.cl\/cpp\/wp-json\/wp\/v2\/comments?post=3796"}],"version-history":[{"count":2,"href":"https:\/\/gobierno.udd.cl\/cpp\/wp-json\/wp\/v2\/posts\/3796\/revisions"}],"predecessor-version":[{"id":3798,"href":"https:\/\/gobierno.udd.cl\/cpp\/wp-json\/wp\/v2\/posts\/3796\/revisions\/3798"}],"wp:featuredmedia":[{"embeddable":true,"href":"https:\/\/gobierno.udd.cl\/cpp\/wp-json\/wp\/v2\/media\/893"}],"wp:attachment":[{"href":"https:\/\/gobierno.udd.cl\/cpp\/wp-json\/wp\/v2\/media?parent=3796"}],"wp:term":[{"taxonomy":"category","embeddable":true,"href":"https:\/\/gobierno.udd.cl\/cpp\/wp-json\/wp\/v2\/categories?post=3796"},{"taxonomy":"post_tag","embeddable":true,"href":"https:\/\/gobierno.udd.cl\/cpp\/wp-json\/wp\/v2\/tags?post=3796"}],"curies":[{"name":"wp","href":"https:\/\/api.w.org\/{rel}","templated":true}]}}