{"id":3794,"date":"2018-10-18T00:41:50","date_gmt":"2018-10-18T03:41:50","guid":{"rendered":"http:\/\/gobierno.udd.cl\/cpp\/?p=3794"},"modified":"2018-10-18T00:41:50","modified_gmt":"2018-10-18T03:41:50","slug":"trabajadores-del-medio-ambiente-rechazaron-proyecto-que-moderniza-el-seia-radio-cooperativa","status":"publish","type":"post","link":"https:\/\/gobierno.udd.cl\/cpp\/noticias\/2018\/10\/18\/trabajadores-del-medio-ambiente-rechazaron-proyecto-que-moderniza-el-seia-radio-cooperativa\/","title":{"rendered":"Trabajadores del Medio Ambiente rechazaron proyecto que moderniza el SEIA &#8211; Radio Cooperativa"},"content":{"rendered":"<p style=\"text-align: justify;\">La Comisi\u00f3n de Medio Ambiente de la C\u00e1mara de Diputados continu\u00f3 analizando el proyecto del Ejecutivo que moderniza el Sistema de Evaluaci\u00f3n de Impacto Ambiental (SEIA), con la presencia de diversos invitados.<\/p>\n<p><b>Habla:<\/b><\/p>\n<div style=\"text-align: justify;\">Lily P\u00e9rez, senadora<\/div>\n<div style=\"text-align: justify;\">Eugenio Guzm\u00e1n, decano Facultad de Gobierno\u00a0<span class=\"highlight\">Universidad<\/span>\u00a0<span class=\"highlight\">del<\/span>\u00a0<span class=\"highlight\">Desarrollo<\/span><\/div>\n<div style=\"text-align: justify;\">David Morales, secretario general DC<\/div>\n<div style=\"text-align: justify;\">Juan Andr\u00e9s Lagos, integrante Comisi\u00f3n Pol\u00edtica PC<\/div>\n<div><\/div>\n<div>\n<audio class=\"wp-audio-shortcode\" id=\"audio-3794-1\" preload=\"none\" style=\"width: 100%;\" controls=\"controls\"><source type=\"audio\/mpeg\" src=\"http:\/\/conectamedia.s3.amazonaws.com\/b318b079f0d3448a618fff8fb9d017b4.mp3?_=1\" \/><a href=\"http:\/\/conectamedia.s3.amazonaws.com\/b318b079f0d3448a618fff8fb9d017b4.mp3\">http:\/\/conectamedia.s3.amazonaws.com\/b318b079f0d3448a618fff8fb9d017b4.mp3<\/a><\/audio>\n<\/div>\n","protected":false},"excerpt":{"rendered":"<p>La Comisi\u00f3n de Medio Ambiente de la C\u00e1mara de Diputados continu\u00f3 analizando el proyecto del Ejecutivo que moderniza el Sistema de Evaluaci\u00f3n de Impacto Ambiental (SEIA), con la presencia de diversos invitados. Habla: Lily P\u00e9rez, senadora Eugenio Guzm\u00e1n, decano Facultad de Gobierno\u00a0Universidad\u00a0del\u00a0Desarrollo David Morales, secretario general DC Juan Andr\u00e9s Lagos, integrante Comisi\u00f3n Pol\u00edtica PC<\/p>\n","protected":false},"author":22,"featured_media":893,"comment_status":"open","ping_status":"open","sticky":false,"template":"","format":"standard","meta":{"footnotes":""},"categories":[10162],"tags":[],"class_list":["post-3794","post","type-post","status-publish","format-standard","has-post-thumbnail","hentry","category-centro-en-la-prensa"],"featured_image_url":"https:\/\/gobierno.udd.cl\/cpp\/files\/2015\/05\/udd_cpp_prensa_340.png","_links":{"self":[{"href":"https:\/\/gobierno.udd.cl\/cpp\/wp-json\/wp\/v2\/posts\/3794","targetHints":{"allow":["GET"]}}],"collection":[{"href":"https:\/\/gobierno.udd.cl\/cpp\/wp-json\/wp\/v2\/posts"}],"about":[{"href":"https:\/\/gobierno.udd.cl\/cpp\/wp-json\/wp\/v2\/types\/post"}],"author":[{"embeddable":true,"href":"https:\/\/gobierno.udd.cl\/cpp\/wp-json\/wp\/v2\/users\/22"}],"replies":[{"embeddable":true,"href":"https:\/\/gobierno.udd.cl\/cpp\/wp-json\/wp\/v2\/comments?post=3794"}],"version-history":[{"count":1,"href":"https:\/\/gobierno.udd.cl\/cpp\/wp-json\/wp\/v2\/posts\/3794\/revisions"}],"predecessor-version":[{"id":3795,"href":"https:\/\/gobierno.udd.cl\/cpp\/wp-json\/wp\/v2\/posts\/3794\/revisions\/3795"}],"wp:featuredmedia":[{"embeddable":true,"href":"https:\/\/gobierno.udd.cl\/cpp\/wp-json\/wp\/v2\/media\/893"}],"wp:attachment":[{"href":"https:\/\/gobierno.udd.cl\/cpp\/wp-json\/wp\/v2\/media?parent=3794"}],"wp:term":[{"taxonomy":"category","embeddable":true,"href":"https:\/\/gobierno.udd.cl\/cpp\/wp-json\/wp\/v2\/categories?post=3794"},{"taxonomy":"post_tag","embeddable":true,"href":"https:\/\/gobierno.udd.cl\/cpp\/wp-json\/wp\/v2\/tags?post=3794"}],"curies":[{"name":"wp","href":"https:\/\/api.w.org\/{rel}","templated":true}]}}