{"id":3785,"date":"2018-10-09T22:41:40","date_gmt":"2018-10-10T01:41:40","guid":{"rendered":"http:\/\/gobierno.udd.cl\/cpp\/?p=3785"},"modified":"2018-10-09T22:41:56","modified_gmt":"2018-10-10T01:41:56","slug":"%ef%bb%bfasi-es-la-tasa-de-adultos-mayores-en-la-rm-en-comparacion-con-el-mundo-publimetro","status":"publish","type":"post","link":"https:\/\/gobierno.udd.cl\/cpp\/noticias\/2018\/10\/09\/%ef%bb%bfasi-es-la-tasa-de-adultos-mayores-en-la-rm-en-comparacion-con-el-mundo-publimetro\/","title":{"rendered":"\ufeffAs\u00ed es la tasa de adultos mayores en la RM en comparaci\u00f3n con el mundo &#8211; Publimetro"},"content":{"rendered":"<p style=\"text-align: justify;\">Un estudio elaborado por el programa Conocimiento e Investigaci\u00f3n en Personas Mayores (Cipem) impulsado por la\u00a0<span class=\"highlight\">Universidad<\/span>\u00a0<span class=\"highlight\">del<\/span>\u00a0<span class=\"highlight\">Desarrollo<\/span>\u00a0(<span class=\"highlight\">UDD<\/span>) y la Caja de Compensaci\u00f3n Los H\u00e9roes, hizo una radiograf\u00eda del envejecimiento en nuestro pa\u00eds. En general, los datos son alentadores. A principios de la d\u00e9cada de los 80 la edad promedio de a\u00f1os se situaba en torno a los 26,9 a\u00f1os. Pero en 2017 este n\u00famero escal\u00f3 hasta los 35,8 a\u00f1os promedio, lo que dio como resultado un aumento de 33%. Chile est\u00e1 envejeciendo de forma m\u00e1s acelerada.<br \/>\nSeg\u00fan datos del mismo estudio, la poblaci\u00f3n de adultos mayores en Chile bordea los 2,85 millones 16,2% del total de habitantes, siendo la poblaci\u00f3n m\u00e1s envejecida de Am\u00e9rica Latina junto a Cuba. Los pa\u00edses desarrollados son los que muestran un mayor porcentaje de poblaci\u00f3n de adultos mayores.<br \/>\nTomando en consideraci\u00f3n estos datos, el estudie compar\u00f3 las cifras de envejecimiento relativo (cantidad de adultos mayores de 60 a\u00f1os de las distinta: comunas de la Regi\u00f3n Metropolitana con distintos pa\u00edses de mundo. Mientra: Vitacura posee cifras similares a Alemania (situ\u00e1ndose en el primer lugar de la RM), Las Condes, Providencia y La Reina, se acercan a pa\u00edses como Holanda y Austria. Estaci\u00f3n Central y Cerrillos estar\u00edan alineados con el promedio nacional, comparando sus \u00edndices con los de Cuba. Por debajo de las cifras nacionales se encontrar\u00edan las comunas de Independencia, Pe\u00f1alol\u00e9n, Maip\u00fa, Renca, La Pintada Huechuraba y Pudahuel. A\u00fan m\u00e1s abajo, cerca de los \u00edndices de Costa Rica y Argentina, estar\u00eda Lo Barnechea. M\u00e1s abajo, y cercano a Brasil, se encuentra Santiago Centro. En el \u00faltimo lugar est\u00e1 Quilicura, con la menor poblaci\u00f3n de tercera edad de la regi\u00f3n. Su \u00edndice<br \/>\nse asemeja al de Per\u00fa.<br \/>\nSeg\u00fan el estudio, Chile a\u00fan se perfila como un pa\u00eds joven, por lo que el proceso de envejecimiento de la poblaci\u00f3n y la proporci\u00f3n actual es un tema que se debe analizar con especial preocupaci\u00f3n para contar con una planificaci\u00f3n eficiente.<\/p>\n<p><a href=\"https:\/\/goo.gl\/9Z4LwW\"><img loading=\"lazy\" decoding=\"async\" class=\"size-medium wp-image-3786 aligncenter\" src=\"http:\/\/gobierno.udd.cl\/cpp\/files\/2018\/10\/9111d07d8b57cbfc5e6a07abb857819b-272x300.jpg\" alt=\"\" width=\"272\" height=\"300\" srcset=\"https:\/\/gobierno.udd.cl\/cpp\/files\/2018\/10\/9111d07d8b57cbfc5e6a07abb857819b-272x300.jpg 272w, https:\/\/gobierno.udd.cl\/cpp\/files\/2018\/10\/9111d07d8b57cbfc5e6a07abb857819b-768x846.jpg 768w, https:\/\/gobierno.udd.cl\/cpp\/files\/2018\/10\/9111d07d8b57cbfc5e6a07abb857819b-929x1024.jpg 929w, https:\/\/gobierno.udd.cl\/cpp\/files\/2018\/10\/9111d07d8b57cbfc5e6a07abb857819b-871x960.jpg 871w, https:\/\/gobierno.udd.cl\/cpp\/files\/2018\/10\/9111d07d8b57cbfc5e6a07abb857819b.jpg 1722w\" sizes=\"auto, (max-width: 272px) 100vw, 272px\" \/><\/a><\/p>\n","protected":false},"excerpt":{"rendered":"<p>\ufeffEn las comunas del sector oriente, las cifras de envejecimiento relativo se asemejan a pa\u00edses europeos. En comunas del sector sur se acercan m\u00e1s a las cifras de nuestros vecinos en Latinoam\u00e9rica<\/p>\n","protected":false},"author":22,"featured_media":893,"comment_status":"open","ping_status":"open","sticky":false,"template":"","format":"standard","meta":{"footnotes":""},"categories":[10162],"tags":[],"class_list":["post-3785","post","type-post","status-publish","format-standard","has-post-thumbnail","hentry","category-centro-en-la-prensa"],"featured_image_url":"https:\/\/gobierno.udd.cl\/cpp\/files\/2015\/05\/udd_cpp_prensa_340.png","_links":{"self":[{"href":"https:\/\/gobierno.udd.cl\/cpp\/wp-json\/wp\/v2\/posts\/3785","targetHints":{"allow":["GET"]}}],"collection":[{"href":"https:\/\/gobierno.udd.cl\/cpp\/wp-json\/wp\/v2\/posts"}],"about":[{"href":"https:\/\/gobierno.udd.cl\/cpp\/wp-json\/wp\/v2\/types\/post"}],"author":[{"embeddable":true,"href":"https:\/\/gobierno.udd.cl\/cpp\/wp-json\/wp\/v2\/users\/22"}],"replies":[{"embeddable":true,"href":"https:\/\/gobierno.udd.cl\/cpp\/wp-json\/wp\/v2\/comments?post=3785"}],"version-history":[{"count":2,"href":"https:\/\/gobierno.udd.cl\/cpp\/wp-json\/wp\/v2\/posts\/3785\/revisions"}],"predecessor-version":[{"id":3788,"href":"https:\/\/gobierno.udd.cl\/cpp\/wp-json\/wp\/v2\/posts\/3785\/revisions\/3788"}],"wp:featuredmedia":[{"embeddable":true,"href":"https:\/\/gobierno.udd.cl\/cpp\/wp-json\/wp\/v2\/media\/893"}],"wp:attachment":[{"href":"https:\/\/gobierno.udd.cl\/cpp\/wp-json\/wp\/v2\/media?parent=3785"}],"wp:term":[{"taxonomy":"category","embeddable":true,"href":"https:\/\/gobierno.udd.cl\/cpp\/wp-json\/wp\/v2\/categories?post=3785"},{"taxonomy":"post_tag","embeddable":true,"href":"https:\/\/gobierno.udd.cl\/cpp\/wp-json\/wp\/v2\/tags?post=3785"}],"curies":[{"name":"wp","href":"https:\/\/api.w.org\/{rel}","templated":true}]}}