{"id":3781,"date":"2018-10-09T22:36:59","date_gmt":"2018-10-10T01:36:59","guid":{"rendered":"http:\/\/gobierno.udd.cl\/cpp\/?p=3781"},"modified":"2018-10-09T22:37:25","modified_gmt":"2018-10-10T01:37:25","slug":"edad-promedio-de-chilenos-aumenta-un-33-en-ultimos-35-anos-el-heraldo","status":"publish","type":"post","link":"https:\/\/gobierno.udd.cl\/cpp\/noticias\/2018\/10\/09\/edad-promedio-de-chilenos-aumenta-un-33-en-ultimos-35-anos-el-heraldo\/","title":{"rendered":"Edad promedio de chilenos aumenta un 33% en \u00faltimos 35 a\u00f1os &#8211; El Heraldo"},"content":{"rendered":"<p style=\"text-align: justify;\">Mientras que a principios de la d\u00e9cada de los ochenta la edad promedio de los chilenos se situaba en torno a los 26,9 a\u00f1os, en 2017 este n\u00famero escal\u00f3 hasta los 35,8 a\u00f1os promedio. Un aumento de 33% que refleja el acelerado proceso de envejecimiento que experimenta la poblaci\u00f3n de nuestro pa\u00eds, seg\u00fan se refleja en un estudio elaborado por el programa Conocimiento e Investigaci\u00f3n en Personas Mayores (CIPEM) impulsado por la\u00a0<span class=\"highlight\">Universidad<\/span>\u00a0<span class=\"highlight\">del<\/span>\u00a0<span class=\"highlight\">Desarrollo<\/span>\u00a0(<span class=\"highlight\">UDD<\/span>) y la Caja de Compensaci\u00f3n Los H\u00e9roes.<br \/>\nActualmente, la poblaci\u00f3n de adultos mayores en Chile bordea los 2,85 millones lo que equivale al 16,2% el total de habitantes, siendo la poblaci\u00f3n m\u00e1s envejecida de Am\u00e9rica Latina junto a Cuba.<br \/>\nAun cuando esta cifra es baja en relaci\u00f3n a los pa\u00edses OCDE, donde Chile a\u00fan se perfila como un pa\u00eds joven, el proceso de envejecimiento de la poblaci\u00f3n y la proporci\u00f3n actual es un tema que se debe<br \/>\nanalizar con especial preocupaci\u00f3n.<br \/>\nEn este sentido, el ministro de Desarrollo Social, Alfredo Moreno asever\u00f3 que \u201ceste es el tema en el cual vamos a tener que enfrentarnos como humanidad y que tenemos que enfrentar como pa\u00eds. Es un enorme desaf\u00edo, pero tambi\u00e9n una gran oportunidad. Este mayor desarrollo que Chile ha tenido tambi\u00e9n nos ha llevado a tener una poblaci\u00f3n totalmente diferente a la que ten\u00edamos. Es por ello que necesitamos hacer actividades consistentes con ese envejecimiento, como preocuparse de su salud, que se mantengan activos y sanos, el empleo es muy importante. como tambi\u00e9n el transporte y participaci\u00f3n. Este es un problema de todos, por eso agradezco el aporte de este estudio porque esa es la manera de enfrentar estos temas de pa\u00eds. Estudios, ideas, apoyo, creatividad y ayudar a crear conciencia es una ayuda enorme. Lo que hace<br \/>\nesta Universidad y Caja Los H\u00e9roes, especialista en esta materia, es una tarea que tenemos que tomar entre todos .<br \/>\nLa realidad de Maul\u00e9:<br \/>\nSeg\u00fan consigna el estudio. En la Regi\u00f3n del Maul\u00e9, la tercera m\u00e1s longeva en el pa\u00eds, existen cerca de 183 mil adultos mayores de los cuales 28.560 corresponden a personas mayores de 80 a\u00f1os. En la regi\u00f3n aparece Curepto como la m\u00e1s envejecida en t\u00e9rminos d\u00e9 envejecimiento relativo. El 27,7% de los habitantes de la comuna de Curepto pertenecen a la tercera edad, siendo la tercera comuna m\u00e1s longeva del pa\u00eds. Por su parte, la tasa de envejecimiento indica que la comuna de Curepto posee una relaci\u00f3n de 181 adultos mayores por cada 100 ni\u00f1os, similar a los niveles alcanzados por Jap\u00f3n. A su vez, la Comuna de Maul\u00e9 (10,2%) aparece dentro de las 15 comunas con menor proporci\u00f3n de personas mayores del pa\u00eds.<\/p>\n<p><a href=\"http:\/\/gobierno.udd.cl\/cpp\/files\/2018\/10\/41b039556a026fbc9e12c919b5ba1760-1.jpg\"><img loading=\"lazy\" decoding=\"async\" class=\"size-medium wp-image-3782 aligncenter\" src=\"http:\/\/gobierno.udd.cl\/cpp\/files\/2018\/10\/41b039556a026fbc9e12c919b5ba1760-1-213x300.jpg\" alt=\"\" width=\"213\" height=\"300\" srcset=\"https:\/\/gobierno.udd.cl\/cpp\/files\/2018\/10\/41b039556a026fbc9e12c919b5ba1760-1-213x300.jpg 213w, https:\/\/gobierno.udd.cl\/cpp\/files\/2018\/10\/41b039556a026fbc9e12c919b5ba1760-1-768x1082.jpg 768w, https:\/\/gobierno.udd.cl\/cpp\/files\/2018\/10\/41b039556a026fbc9e12c919b5ba1760-1-727x1024.jpg 727w, https:\/\/gobierno.udd.cl\/cpp\/files\/2018\/10\/41b039556a026fbc9e12c919b5ba1760-1-682x960.jpg 682w, https:\/\/gobierno.udd.cl\/cpp\/files\/2018\/10\/41b039556a026fbc9e12c919b5ba1760-1.jpg 1063w\" sizes=\"auto, (max-width: 213px) 100vw, 213px\" \/><\/a><\/p>\n<p>&nbsp;<\/p>\n","protected":false},"excerpt":{"rendered":"<p>Mientras que a principios de la d\u00e9cada de los ochenta la edad promedio de los chilenos se situaba en torno a los 26,9 a\u00f1os, en 2017 este n\u00famero escal\u00f3 hasta los 35,8 a\u00f1os promedio. Un aumento de 33% que refleja el acelerado proceso de envejecimiento que experimenta la poblaci\u00f3n de nuestro pa\u00eds, seg\u00fan se refleja [&hellip;]<\/p>\n","protected":false},"author":22,"featured_media":893,"comment_status":"open","ping_status":"open","sticky":false,"template":"","format":"standard","meta":{"footnotes":""},"categories":[10162],"tags":[],"class_list":["post-3781","post","type-post","status-publish","format-standard","has-post-thumbnail","hentry","category-centro-en-la-prensa"],"featured_image_url":"https:\/\/gobierno.udd.cl\/cpp\/files\/2015\/05\/udd_cpp_prensa_340.png","_links":{"self":[{"href":"https:\/\/gobierno.udd.cl\/cpp\/wp-json\/wp\/v2\/posts\/3781","targetHints":{"allow":["GET"]}}],"collection":[{"href":"https:\/\/gobierno.udd.cl\/cpp\/wp-json\/wp\/v2\/posts"}],"about":[{"href":"https:\/\/gobierno.udd.cl\/cpp\/wp-json\/wp\/v2\/types\/post"}],"author":[{"embeddable":true,"href":"https:\/\/gobierno.udd.cl\/cpp\/wp-json\/wp\/v2\/users\/22"}],"replies":[{"embeddable":true,"href":"https:\/\/gobierno.udd.cl\/cpp\/wp-json\/wp\/v2\/comments?post=3781"}],"version-history":[{"count":2,"href":"https:\/\/gobierno.udd.cl\/cpp\/wp-json\/wp\/v2\/posts\/3781\/revisions"}],"predecessor-version":[{"id":3784,"href":"https:\/\/gobierno.udd.cl\/cpp\/wp-json\/wp\/v2\/posts\/3781\/revisions\/3784"}],"wp:featuredmedia":[{"embeddable":true,"href":"https:\/\/gobierno.udd.cl\/cpp\/wp-json\/wp\/v2\/media\/893"}],"wp:attachment":[{"href":"https:\/\/gobierno.udd.cl\/cpp\/wp-json\/wp\/v2\/media?parent=3781"}],"wp:term":[{"taxonomy":"category","embeddable":true,"href":"https:\/\/gobierno.udd.cl\/cpp\/wp-json\/wp\/v2\/categories?post=3781"},{"taxonomy":"post_tag","embeddable":true,"href":"https:\/\/gobierno.udd.cl\/cpp\/wp-json\/wp\/v2\/tags?post=3781"}],"curies":[{"name":"wp","href":"https:\/\/api.w.org\/{rel}","templated":true}]}}