{"id":3777,"date":"2018-10-09T22:32:40","date_gmt":"2018-10-10T01:32:40","guid":{"rendered":"http:\/\/gobierno.udd.cl\/cpp\/?p=3777"},"modified":"2018-10-09T22:32:40","modified_gmt":"2018-10-10T01:32:40","slug":"chile-cada-vez-mas-viejo-edad-promedio-sube-a-36-anos-y-valparaiso-lidera-como-la-region-mas-longeva-diario-financiero","status":"publish","type":"post","link":"https:\/\/gobierno.udd.cl\/cpp\/noticias\/2018\/10\/09\/chile-cada-vez-mas-viejo-edad-promedio-sube-a-36-anos-y-valparaiso-lidera-como-la-region-mas-longeva-diario-financiero\/","title":{"rendered":"Chile cada vez m\u00e1s viejo: edad promedio sube a 36 a\u00f1os y Valpara\u00edso lidera como la regi\u00f3n m\u00e1s longeva &#8211; Diario Financiero"},"content":{"rendered":"<p style=\"text-align: justify;\">Cada cifra que se mire corrobora que Chile se est\u00e1 haciendo viejo al mismo tiempo que la poblaci\u00f3n mundial. Mientras a principios de los \u20188o la edad promedio se situaba en torno a 26,9 a\u00f1os en el pa\u00eds, en 2017 dicho n\u00famero escal\u00f3 hasta los 35,8 a\u00f1os, un aumento de 33%, seg\u00fan mostr\u00f3 un estudio elaborado por el programa Conocimiento e Investigaci\u00f3n en Personas Mayores (Cipem) impulsado por la\u00a0<span class=\"highlight\">Universidad<\/span>\u00a0<span class=\"highlight\">del<\/span>\u00a0<span class=\"highlight\">Desarrollo<\/span>\u00a0(<span class=\"highlight\">UDD<\/span>) y la Caja de Compensaci\u00f3n Los H\u00e9roes.<\/p>\n<div class=\"col-md-6\">\n<p style=\"text-align: justify;\">Lo anterior, en un marco donde las personas de 60 a\u00f1os o m\u00e1s bordean ya los 2,85 millones, lo que equivale al 16,2% del total, siendo la poblaci\u00f3n m\u00e1s envejecida de Am\u00e9rica Latina junto a Cuba.<br \/>\nHacia 2050, estimaciones de Naciones Unidas sugieren que ese porcentaje subir\u00e1 a 24,1% -muy similar a Europa y su 20,1% con que lidera en\u00a0longevidad-, en tanto ser\u00e1 17,7% en el mundo.<br \/>\nDetr\u00e1s de esta din\u00e1mica est\u00e1 la mayor esperanza de vida de los chilenos, que mejor\u00f3 22,2 a\u00f1os entre 1950 y 2016 y llegar\u00eda a 85,4 a\u00f1os en 2050.<br \/>\nDe acuerdo al an\u00e1lisis de las cifras de la Casen, el envejecimiento se ha acentuado en las zonas rurales. La tasa pas\u00f3 ah\u00ed de 25,8, a 102,5 adultos mayores por cada 100 ni\u00f1os entre 1982 y 2017.\u00a0Por regiones, Valpara\u00edso lidera con 98,8 adultos mayores por 100 ni\u00f1os.<br \/>\nEsto es coherente tambi\u00e9n con el hecho de que concentra la m\u00e1s alta proporci\u00f3n de ese segmento de poblaci\u00f3n (18,8%), en circunstancias que Antofagasta (11,6%) se sit\u00faa en el otro extremo.<br \/>\nLa comuna con m\u00e1s porcentaje de adultos mayores es Navidad (28%), que se ubica en la regi\u00f3n de O&#8217;Higgins. En la Regi\u00f3n Metropolitana destacan Vitacura (22,9%), Las Condes (21%) y Providencia (20,4%).<br \/>\n<strong>M\u00e1s oportunidades<\/strong><br \/>\nEl investigador de la Facultad de Gobierno de la\u00a0<span class=\"highlight\">U<\/span>.\u00a0<span class=\"highlight\">del<\/span>\u00a0<span class=\"highlight\">Desarrollo<\/span>\u00a0y director acad\u00e9mico de Cipem, Mauricio Apablaza, destaca que el envejecimiento se ha transformado en un fen\u00f3meno inminentemente rural en Chile. En 1982, el n\u00famero de mayores por cada 100 ni\u00f1os menores de 15 a\u00f1os era algo superior en zonas urbanas comparado a zonas rurales (26,3 y 25,8). En 2017, esos n\u00fameros pasaron a 78 personas por cada 100 ni\u00f1os y 102,5 personas mayores por cada 100 ni\u00f1os.<br \/>\nSeg\u00fan los autores del estudio, estas cifras obligan al pa\u00eds a cambiar el paradigma sobre la inclusi\u00f3n de adultos mayores en la sociedad y desarrollar pol\u00edticas p\u00fablicas que se hagan cargo de los cambios demogr\u00e1ficos que experimenta Chile y que se profundizar\u00e1n. \u201cComo pa\u00eds debemos dejar de pensar en c\u00f3mo \u2018dar oportunidades\u2019 a los adultos mayores y empezar a pensar c\u00f3mo nos preparamos para ser una sociedad de \u2018personas mayores\u2019.<\/p>\n<p><a href=\"https:\/\/goo.gl\/r69URH\"><img loading=\"lazy\" decoding=\"async\" class=\"size-medium wp-image-3778 aligncenter\" src=\"http:\/\/gobierno.udd.cl\/cpp\/files\/2018\/10\/20181003_www.df_.cl_papeldigital_pag18-212x300.jpg\" alt=\"\" width=\"212\" height=\"300\" srcset=\"https:\/\/gobierno.udd.cl\/cpp\/files\/2018\/10\/20181003_www.df_.cl_papeldigital_pag18-212x300.jpg 212w, https:\/\/gobierno.udd.cl\/cpp\/files\/2018\/10\/20181003_www.df_.cl_papeldigital_pag18-768x1086.jpg 768w, https:\/\/gobierno.udd.cl\/cpp\/files\/2018\/10\/20181003_www.df_.cl_papeldigital_pag18-724x1024.jpg 724w, https:\/\/gobierno.udd.cl\/cpp\/files\/2018\/10\/20181003_www.df_.cl_papeldigital_pag18-679x960.jpg 679w, https:\/\/gobierno.udd.cl\/cpp\/files\/2018\/10\/20181003_www.df_.cl_papeldigital_pag18.jpg 1768w\" sizes=\"auto, (max-width: 212px) 100vw, 212px\" \/><\/a><\/p>\n<p><a href=\"https:\/\/goo.gl\/d3P7Dx\"><img loading=\"lazy\" decoding=\"async\" class=\"aligncenter wp-image-3779 size-medium\" src=\"http:\/\/gobierno.udd.cl\/cpp\/files\/2018\/10\/20181003_www.df_.cl_papeldigital_pag19-212x300.jpg\" alt=\"\" width=\"212\" height=\"300\" srcset=\"https:\/\/gobierno.udd.cl\/cpp\/files\/2018\/10\/20181003_www.df_.cl_papeldigital_pag19-212x300.jpg 212w, https:\/\/gobierno.udd.cl\/cpp\/files\/2018\/10\/20181003_www.df_.cl_papeldigital_pag19-768x1086.jpg 768w, https:\/\/gobierno.udd.cl\/cpp\/files\/2018\/10\/20181003_www.df_.cl_papeldigital_pag19-724x1024.jpg 724w, https:\/\/gobierno.udd.cl\/cpp\/files\/2018\/10\/20181003_www.df_.cl_papeldigital_pag19-679x960.jpg 679w, https:\/\/gobierno.udd.cl\/cpp\/files\/2018\/10\/20181003_www.df_.cl_papeldigital_pag19.jpg 1768w\" sizes=\"auto, (max-width: 212px) 100vw, 212px\" \/><\/a><\/p>\n<\/div>\n","protected":false},"excerpt":{"rendered":"<p>Reporte revela alza de la edad en zonas rurales. Ah\u00ed se cuentan hoy 102,5 adultos mayores por cada 100 ni\u00f1os.<\/p>\n","protected":false},"author":22,"featured_media":893,"comment_status":"open","ping_status":"open","sticky":false,"template":"","format":"standard","meta":{"footnotes":""},"categories":[10162],"tags":[],"class_list":["post-3777","post","type-post","status-publish","format-standard","has-post-thumbnail","hentry","category-centro-en-la-prensa"],"featured_image_url":"https:\/\/gobierno.udd.cl\/cpp\/files\/2015\/05\/udd_cpp_prensa_340.png","_links":{"self":[{"href":"https:\/\/gobierno.udd.cl\/cpp\/wp-json\/wp\/v2\/posts\/3777","targetHints":{"allow":["GET"]}}],"collection":[{"href":"https:\/\/gobierno.udd.cl\/cpp\/wp-json\/wp\/v2\/posts"}],"about":[{"href":"https:\/\/gobierno.udd.cl\/cpp\/wp-json\/wp\/v2\/types\/post"}],"author":[{"embeddable":true,"href":"https:\/\/gobierno.udd.cl\/cpp\/wp-json\/wp\/v2\/users\/22"}],"replies":[{"embeddable":true,"href":"https:\/\/gobierno.udd.cl\/cpp\/wp-json\/wp\/v2\/comments?post=3777"}],"version-history":[{"count":1,"href":"https:\/\/gobierno.udd.cl\/cpp\/wp-json\/wp\/v2\/posts\/3777\/revisions"}],"predecessor-version":[{"id":3780,"href":"https:\/\/gobierno.udd.cl\/cpp\/wp-json\/wp\/v2\/posts\/3777\/revisions\/3780"}],"wp:featuredmedia":[{"embeddable":true,"href":"https:\/\/gobierno.udd.cl\/cpp\/wp-json\/wp\/v2\/media\/893"}],"wp:attachment":[{"href":"https:\/\/gobierno.udd.cl\/cpp\/wp-json\/wp\/v2\/media?parent=3777"}],"wp:term":[{"taxonomy":"category","embeddable":true,"href":"https:\/\/gobierno.udd.cl\/cpp\/wp-json\/wp\/v2\/categories?post=3777"},{"taxonomy":"post_tag","embeddable":true,"href":"https:\/\/gobierno.udd.cl\/cpp\/wp-json\/wp\/v2\/tags?post=3777"}],"curies":[{"name":"wp","href":"https:\/\/api.w.org\/{rel}","templated":true}]}}