{"id":3774,"date":"2018-10-09T22:26:29","date_gmt":"2018-10-10T01:26:29","guid":{"rendered":"http:\/\/gobierno.udd.cl\/cpp\/?p=3774"},"modified":"2018-10-09T22:26:29","modified_gmt":"2018-10-10T01:26:29","slug":"%ef%bb%bflas-comunas-donde-viven-mas-mayores-de-60-anos-lun","status":"publish","type":"post","link":"https:\/\/gobierno.udd.cl\/cpp\/noticias\/2018\/10\/09\/%ef%bb%bflas-comunas-donde-viven-mas-mayores-de-60-anos-lun\/","title":{"rendered":"\ufeffLas comunas donde viven m\u00e1s mayores de 60 a\u00f1os &#8211; LUN"},"content":{"rendered":"<p style=\"text-align: justify;\">\u00bfSabe d\u00f3nde est\u00e1n las personas\u00a0mayores de 60 a\u00f1os en Chile? La respuesta la encontraron investigadores de la\u00a0<span class=\"highlight\">Universidad<\/span>\u00a0<span class=\"highlight\">del<\/span>\u00a0<span class=\"highlight\">Desarrollo<\/span>\u00a0(<span class=\"highlight\">UDD<\/span>) y la Caja Los H\u00e9roes, quienes analizaron regi\u00f3n por regi\u00f3n y comuna por comuna donde est\u00e1n los 2.850.171 adultos mayores que viven en el pa\u00eds.<br \/>\n\u00abEs el 1696 de la poblaci\u00f3n, cifra comparable con pa\u00edses como Islandia y Corea del Sur. No se analiz\u00f3 la calidad de vida, que es para un segundo an\u00e1lisis\u201d, precis\u00f3 Mauricio Apablaza, investigador de la Facultad de Gobierno de la\u00a0<span class=\"highlight\">Universidad<\/span>\u00a0<span class=\"highlight\">del<\/span>\u00a0<span class=\"highlight\">Desarrollo<\/span>\u00a0y director acad\u00e9mico del Centro de Investigaci\u00f3n de Personas Mayores.<br \/>\n<strong>\u00c9xodo juvenil<\/strong><br \/>\nJunto con Germ\u00e1n Lafrenz, gerente de asuntos corporativos y negocios de la mencionada caja, destacaron diez comunas de la Regi\u00f3n Metropolitana con envejecimiento y n\u00famero de adultos mayores {ver tabla). Elaboraron un listado con las 20 comunas con mayor \u00edndice de envejecimiento en el pa\u00eds. Destacan, por ejemplo, Navidad en la Regi\u00f3n de OHiggins y El Tabo, Algarrobo, el Quisco en Regi\u00f3n de Valpara\u00edso.<br \/>\n\u00abExiste una mayor concentraci\u00f3n en las \u00e1reas rurales (19,696), mientras que en las \u00e1reas urbanas es del 5,796. En esa zona costera hay envejecimiento no por la llegada de personas mayores de 60 a\u00f1os a esas comunas, sino por la salida de j\u00f3venes que se vienen a la capital. Lo mismo ocurre en R\u00edo Ver- de, comuna de la regi\u00f3n de Magallanes que la sit\u00faa como la m\u00e1s longeva del pa\u00eds, en una relaci\u00f3n de 585 adultos mayores por cada cien ni\u00f1os\u201d, precisa Lafrentz.<br \/>\nEl gerente explica que desde los 60 a\u00f1os<br \/>\nse considera adulto mayor en Chile, segmento de la poblaci\u00f3n que alcanzar\u00e1 el 25% en el 2050. Comenta que el estudio, basado en cifras del Censo 2017, busca aportar a las pol\u00edticas p\u00fablicas para este grupo etario. (Si quiere conocer m\u00e1s detalles puede ver la investigaci\u00f3n en este link abreviado: https:\/\/ bit.ly\/2QtupW9).<br \/>\n<strong>Muy vigentes<\/strong><br \/>\nObviamente, la regi\u00f3n Metropolitana presenta la mayor cantidad de personas en ese grupo (1.095.901), seguida por la Regi\u00f3n del Biob\u00edo (352.637), Valpara\u00edso (342.035) y Maul\u00e9 (183.040). En el otro extremo, con menor poblaci\u00f3n mayor se encuentra la zona norte: Atacama (41.301), Tarapac\u00e1 (38.781) y Arica y Parinacota (34.973).<br \/>\n\u00abEn general, hoy d\u00eda una persona de 60 a\u00f1os es como si tuviera 48 o 50 a\u00f1os. Es gente vital, que se desplaza normalmente, que trabaja, est\u00e1 motivada, tiene grupos de amistades, est\u00e1 totalmente vigente\u201d, precisa la epidemi\u00f3loga Mar\u00eda Teresa Valenzuela, especialista en salud p\u00fablica y directora del Centro Integral para el Envejecimiento Feliz de la Universidad de los Andes.<br \/>\n\u00abDurante los \u00faltimos a\u00f1os nuestro pa\u00eds ha experimentado cambios demogr\u00e1ficos y epidemiol\u00f3gicos que evidencian el envejecimiento acelerado de la poblaci\u00f3n\u201d, dice.<br \/>\nEn Puente Alto, ejemplifica, el 2096 de los adultos mayores se encuentra trabajando. \u00abY de ellos 9396 se encuentra muy satisfecho\u201d, asegura. \u00bfPor qu\u00e9 hay que hacer un corte en la edad?<br \/>\nEl doctor en sociolog\u00eda Esteban Calvo, director del Centro de Investigaci\u00f3n en Sociedad y Salud U. Mayor y profesor de epidemiolog\u00eda de la Universidad de Columbia, Estados Unidos, opina que el corte de los 60 a\u00f1os que se usa para definir a los adultos mayores se origina en un tema de pol\u00edticas p\u00fablicas.<br \/>\n\u00abLa gente puede estar activa hasta cualquier edad, no hay l\u00edmite cronol\u00f3gico. Hay que poner definiciones de edad cronol\u00f3gica para las leyes; cuando uno dice Senama (Servicio Nacional del Adulto Mayor), para fijar qui\u00e9n es su poblaci\u00f3n objetiva, ah\u00ed se definieron los 60 a\u00f1os\u00bb, explica. -\u00bfCree que est\u00e1 obsoleto decir que la tercera edad parte a los 60?<br \/>\n-M\u00e1s que est\u00e9 obsoleto, la edad cronol\u00f3gica importa cada vez menos cuando envejecemos y nos dice muy poco acerca de c\u00f3mo est\u00e1 la gente. Hay mucha heterogeneidad en el grupo de las personas mayores. Si hici\u00e9ramos el corte en los 80 a\u00f1os la gente es m\u00e1s diversa. Algunos van a estar plenamente activos y aut\u00f3nomos y otros van a estar postrados.<\/p>\n<p><a href=\"https:\/\/goo.gl\/7xJY9Y\"><img loading=\"lazy\" decoding=\"async\" class=\"size-medium wp-image-3775 aligncenter\" src=\"http:\/\/gobierno.udd.cl\/cpp\/files\/2018\/10\/366490b0ae50c73183bd5b74b63de318-238x300.jpg\" alt=\"\" width=\"238\" height=\"300\" srcset=\"https:\/\/gobierno.udd.cl\/cpp\/files\/2018\/10\/366490b0ae50c73183bd5b74b63de318-238x300.jpg 238w, https:\/\/gobierno.udd.cl\/cpp\/files\/2018\/10\/366490b0ae50c73183bd5b74b63de318-768x970.jpg 768w, https:\/\/gobierno.udd.cl\/cpp\/files\/2018\/10\/366490b0ae50c73183bd5b74b63de318-811x1024.jpg 811w, https:\/\/gobierno.udd.cl\/cpp\/files\/2018\/10\/366490b0ae50c73183bd5b74b63de318-760x960.jpg 760w, https:\/\/gobierno.udd.cl\/cpp\/files\/2018\/10\/366490b0ae50c73183bd5b74b63de318.jpg 1150w\" sizes=\"auto, (max-width: 238px) 100vw, 238px\" \/><\/a><\/p>\n","protected":false},"excerpt":{"rendered":"<p>\u00abEn general, es gente vital, que se desplaza normalmente, que trabaja, est\u00e1 motivada, tiene grupos de amistades, est\u00e1 totalmente vigente\u201d, precisa la doctora Mar\u00eda Teresa Valenzuela.<\/p>\n","protected":false},"author":22,"featured_media":893,"comment_status":"open","ping_status":"open","sticky":false,"template":"","format":"standard","meta":{"footnotes":""},"categories":[10162],"tags":[],"class_list":["post-3774","post","type-post","status-publish","format-standard","has-post-thumbnail","hentry","category-centro-en-la-prensa"],"featured_image_url":"https:\/\/gobierno.udd.cl\/cpp\/files\/2015\/05\/udd_cpp_prensa_340.png","_links":{"self":[{"href":"https:\/\/gobierno.udd.cl\/cpp\/wp-json\/wp\/v2\/posts\/3774","targetHints":{"allow":["GET"]}}],"collection":[{"href":"https:\/\/gobierno.udd.cl\/cpp\/wp-json\/wp\/v2\/posts"}],"about":[{"href":"https:\/\/gobierno.udd.cl\/cpp\/wp-json\/wp\/v2\/types\/post"}],"author":[{"embeddable":true,"href":"https:\/\/gobierno.udd.cl\/cpp\/wp-json\/wp\/v2\/users\/22"}],"replies":[{"embeddable":true,"href":"https:\/\/gobierno.udd.cl\/cpp\/wp-json\/wp\/v2\/comments?post=3774"}],"version-history":[{"count":1,"href":"https:\/\/gobierno.udd.cl\/cpp\/wp-json\/wp\/v2\/posts\/3774\/revisions"}],"predecessor-version":[{"id":3776,"href":"https:\/\/gobierno.udd.cl\/cpp\/wp-json\/wp\/v2\/posts\/3774\/revisions\/3776"}],"wp:featuredmedia":[{"embeddable":true,"href":"https:\/\/gobierno.udd.cl\/cpp\/wp-json\/wp\/v2\/media\/893"}],"wp:attachment":[{"href":"https:\/\/gobierno.udd.cl\/cpp\/wp-json\/wp\/v2\/media?parent=3774"}],"wp:term":[{"taxonomy":"category","embeddable":true,"href":"https:\/\/gobierno.udd.cl\/cpp\/wp-json\/wp\/v2\/categories?post=3774"},{"taxonomy":"post_tag","embeddable":true,"href":"https:\/\/gobierno.udd.cl\/cpp\/wp-json\/wp\/v2\/tags?post=3774"}],"curies":[{"name":"wp","href":"https:\/\/api.w.org\/{rel}","templated":true}]}}