{"id":3766,"date":"2018-10-09T22:17:12","date_gmt":"2018-10-10T01:17:12","guid":{"rendered":"http:\/\/gobierno.udd.cl\/cpp\/?p=3766"},"modified":"2018-10-09T22:17:12","modified_gmt":"2018-10-10T01:17:12","slug":"%ef%bb%bfcerca-de-4-mil-adultos-mayores-residentes-en-magallanes-superan-los-80-anos-de-edad-el-pinguino","status":"publish","type":"post","link":"https:\/\/gobierno.udd.cl\/cpp\/noticias\/2018\/10\/09\/%ef%bb%bfcerca-de-4-mil-adultos-mayores-residentes-en-magallanes-superan-los-80-anos-de-edad-el-pinguino\/","title":{"rendered":"\ufeffCerca de 4 mil adultos mayores residentes en Magallanes superan los 80 a\u00f1os de edad &#8211; El Ping\u00fcino"},"content":{"rendered":"<p style=\"text-align: justify;\">Mientras que a principios de la d\u00e9cada de 1980 la edad promedio de los chilenos se situaba en torno a los 26.9 a\u00f1os, en 2017 este n\u00famero escal\u00f3 hasta los 35,8 a\u00f1os promedio.<br \/>\nUn aumento de 33% que refleja el acelerado proceso de envejecimiento que experimenta la poblaci\u00f3n de nuestro pa\u00eds, seg\u00fan se refleja en un estudio elaborado por el programa Conocimiento e Investigaci\u00f3n en Personas Mayores (CIPEM) impulsado por la\u00a0<span class=\"highlight\">Universidad<\/span>\u00a0<span class=\"highlight\">del<\/span><span class=\"highlight\">Desarrollo<\/span>\u00a0(<span class=\"highlight\">UDD<\/span>) y la Caja de Compensaci\u00f3n Los H\u00e9roes.<br \/>\nSeg\u00fan se consigna en el estudio, en la Regi\u00f3n de Magallanes existe una poblaci\u00f3n de 28 mil personas mayores sobre un total de 166.533 habitantes. Cerca de 4 mil adultos mayores alcanza una edad superior a los 80 a\u00f1os.<br \/>\nEn t\u00e9rminos de envejecimiento relativo, en la regi\u00f3n se encuentran 3 de las 20 comunas menos envejecidas del pa\u00eds.<br \/>\nCabo de Hornos (5,7%), Torres del Paine (10.4%). y Timaukel (10.9%) son comunas con baja proporci\u00f3n de poblaci\u00f3n de tercera edad.<br \/>\nPor su parte, la tasa de envejecimiento indica que en la Regi\u00f3n de Magallanes se encuentra la comuna con la cifra m\u00e1s elevada del pa\u00eds, R\u00edo Verde (584,6). La tasa de envejecimiento de la comuna de R\u00edo Verde indica que existen cerca de seis personas mayores por un menor de 15 a\u00f1os.<br \/>\nActualmente, la poblaci\u00f3n de adultos mayores en Chile bordea los 2.85 millones lo que equivale al 16,2% del total de habitantes, siendo la poblaci\u00f3n m\u00e1s envejecida de Am\u00e9rica Latina junto a Cuba.<br \/>\nEntre los a\u00f1os 1970-1990 Chile registr\u00f3 un incremento importante en su esperanza de vida, alcanzando niveles OCDE. Esto, junto con la disminuci\u00f3n de la mortalidad infantil y una menor tasa de natalidad, explican el escenario que enfrentamos.<\/p>\n<p><a href=\"https:\/\/goo.gl\/aEwXLW\"><img loading=\"lazy\" decoding=\"async\" class=\"size-medium wp-image-3767 aligncenter\" src=\"http:\/\/gobierno.udd.cl\/cpp\/files\/2018\/10\/44285ff6d9223ba01c5c172a53eba2f8-229x300.jpg\" alt=\"\" width=\"229\" height=\"300\" srcset=\"https:\/\/gobierno.udd.cl\/cpp\/files\/2018\/10\/44285ff6d9223ba01c5c172a53eba2f8-229x300.jpg 229w, https:\/\/gobierno.udd.cl\/cpp\/files\/2018\/10\/44285ff6d9223ba01c5c172a53eba2f8-768x1005.jpg 768w, https:\/\/gobierno.udd.cl\/cpp\/files\/2018\/10\/44285ff6d9223ba01c5c172a53eba2f8-783x1024.jpg 783w, https:\/\/gobierno.udd.cl\/cpp\/files\/2018\/10\/44285ff6d9223ba01c5c172a53eba2f8-734x960.jpg 734w, https:\/\/gobierno.udd.cl\/cpp\/files\/2018\/10\/44285ff6d9223ba01c5c172a53eba2f8.jpg 1280w\" sizes=\"auto, (max-width: 229px) 100vw, 229px\" \/><\/a><\/p>\n","protected":false},"excerpt":{"rendered":"<p>Mientras que a principios de la d\u00e9cada de 1980 la edad promedio de los chilenos se situaba en torno a los 26.9 a\u00f1os, en 2017 este n\u00famero escal\u00f3 hasta los 35,8 a\u00f1os promedio. Un aumento de 33% que refleja el acelerado proceso de envejecimiento que experimenta la poblaci\u00f3n de nuestro pa\u00eds, seg\u00fan se refleja en [&hellip;]<\/p>\n","protected":false},"author":22,"featured_media":893,"comment_status":"open","ping_status":"open","sticky":false,"template":"","format":"standard","meta":{"footnotes":""},"categories":[10162],"tags":[],"class_list":["post-3766","post","type-post","status-publish","format-standard","has-post-thumbnail","hentry","category-centro-en-la-prensa"],"featured_image_url":"https:\/\/gobierno.udd.cl\/cpp\/files\/2015\/05\/udd_cpp_prensa_340.png","_links":{"self":[{"href":"https:\/\/gobierno.udd.cl\/cpp\/wp-json\/wp\/v2\/posts\/3766","targetHints":{"allow":["GET"]}}],"collection":[{"href":"https:\/\/gobierno.udd.cl\/cpp\/wp-json\/wp\/v2\/posts"}],"about":[{"href":"https:\/\/gobierno.udd.cl\/cpp\/wp-json\/wp\/v2\/types\/post"}],"author":[{"embeddable":true,"href":"https:\/\/gobierno.udd.cl\/cpp\/wp-json\/wp\/v2\/users\/22"}],"replies":[{"embeddable":true,"href":"https:\/\/gobierno.udd.cl\/cpp\/wp-json\/wp\/v2\/comments?post=3766"}],"version-history":[{"count":2,"href":"https:\/\/gobierno.udd.cl\/cpp\/wp-json\/wp\/v2\/posts\/3766\/revisions"}],"predecessor-version":[{"id":3769,"href":"https:\/\/gobierno.udd.cl\/cpp\/wp-json\/wp\/v2\/posts\/3766\/revisions\/3769"}],"wp:featuredmedia":[{"embeddable":true,"href":"https:\/\/gobierno.udd.cl\/cpp\/wp-json\/wp\/v2\/media\/893"}],"wp:attachment":[{"href":"https:\/\/gobierno.udd.cl\/cpp\/wp-json\/wp\/v2\/media?parent=3766"}],"wp:term":[{"taxonomy":"category","embeddable":true,"href":"https:\/\/gobierno.udd.cl\/cpp\/wp-json\/wp\/v2\/categories?post=3766"},{"taxonomy":"post_tag","embeddable":true,"href":"https:\/\/gobierno.udd.cl\/cpp\/wp-json\/wp\/v2\/tags?post=3766"}],"curies":[{"name":"wp","href":"https:\/\/api.w.org\/{rel}","templated":true}]}}