{"id":3754,"date":"2018-09-25T22:38:45","date_gmt":"2018-09-26T01:38:45","guid":{"rendered":"http:\/\/gobierno.udd.cl\/cpp\/?p=3754"},"modified":"2018-09-25T22:38:45","modified_gmt":"2018-09-26T01:38:45","slug":"precariedad-laboral-en-adultos-mayores-diario-concepcion","status":"publish","type":"post","link":"https:\/\/gobierno.udd.cl\/cpp\/noticias\/2018\/09\/25\/precariedad-laboral-en-adultos-mayores-diario-concepcion\/","title":{"rendered":"Precariedad laboral en adultos mayores &#8211; Diario Concepci\u00f3n"},"content":{"rendered":"<p style=\"text-align: justify;\">Durante los \u00faltimos a\u00f1os, en Chile ha aumentado la poblaci\u00f3n de adultos mayores que se ha insertado en el mercado laboral pasando a representar de 11,4% de la poblaci\u00f3n ocupada en 2010, a 1 5,9% en 2017. Asimismo, durante este mismo periodo se ha registrado un alza en el ingreso promedio de este segmento, de 447 mil pesos a 529 mil pesos, seg\u00fan datos de la \u00faltima Encuesta Suplementaria de Ingreso (ESI) del INE. No obstante, esta cifra est\u00e1 por debajo de los 554 mil pesos promedio de los trabajadores chilenos.<br \/>\nAl observar ambas situaciones, se podr\u00eda inferir que en Chile hubo un avance respecto a la inclusi\u00f3n laboral de personas mayores de 60 a\u00f1os, o una mayor valoraci\u00f3n por el aporte y experiencia que ellos pueden entregar.<br \/>\nSin embargo, basta con acercarse un poco m\u00e1s a estas cifras para darse cuenta que, como pa\u00eds, a\u00fan nos falta mucho camino que recorrer en esta materia.<br \/>\nUn informe que realiz\u00f3 el programa Cipem (Conocimiento e Investigaci\u00f3n en Personas Mayores), de la Universidad del Desarrollo y Caja Los H\u00e9roes, abord\u00f3 justamente la realidad laboral de los adultos mayores, donde se observa, por ejemplo, que solo un 44,7% tiene contrato de trabajo y la mitad de los ocupados percibe un salario inferior a los 307 mil pesos, de acuerdo al c\u00e1lculo del ingreso mediano. M\u00e1s aun, el 37,3% (4 79 mil personas mayores) trabaja por cuenta propia, de los cuales alrededor de 110 mil se desempe\u00f1an en la calle o v\u00eda p\u00fablica con ingresos de 268 mil pesos en promedio.<br \/>\nEsto habla de una realidad de una parte importante despoblaci\u00f3n de la tercera edad que trabaja y sufre de un fen\u00f3meno de precarizaci\u00f3n del trabajo.<br \/>\nAumentar la cantidad de personas mayores en el mercado laboral no es suficiente, pues en el caso de la tercera edad el trabajo debe ser una fuente de desarrollo personal, familiar y social, con condiciones adecuad as y no un factor de sufrimiento e inseguridad. Es necesario seguir enfatizando en crear buenas condiciones laborales para los adultos mayores, con pol\u00edticas p\u00fablicas que contribuyan realmente a una inclusi\u00f3n social y permitan compatibilizar con esta etapa de la vida.<\/p>\n<p style=\"text-align: justify;\"><strong>Mauricio Apablaza<\/strong><br \/>\n<strong>Director de Investigaci\u00f3n de la Facultad de Gobierno de la\u00a0<span class=\"highlight\">UDD<\/span><\/strong><\/p>\n<p><a href=\"https:\/\/goo.gl\/YFU66H\"><img loading=\"lazy\" decoding=\"async\" class=\"size-medium wp-image-3755 aligncenter\" src=\"http:\/\/gobierno.udd.cl\/cpp\/files\/2018\/09\/afaaa50dc4c70896425d3ec23aaa7887-206x300.jpg\" alt=\"\" width=\"206\" height=\"300\" srcset=\"https:\/\/gobierno.udd.cl\/cpp\/files\/2018\/09\/afaaa50dc4c70896425d3ec23aaa7887-206x300.jpg 206w, https:\/\/gobierno.udd.cl\/cpp\/files\/2018\/09\/afaaa50dc4c70896425d3ec23aaa7887-768x1118.jpg 768w, https:\/\/gobierno.udd.cl\/cpp\/files\/2018\/09\/afaaa50dc4c70896425d3ec23aaa7887-703x1024.jpg 703w, https:\/\/gobierno.udd.cl\/cpp\/files\/2018\/09\/afaaa50dc4c70896425d3ec23aaa7887-659x960.jpg 659w, https:\/\/gobierno.udd.cl\/cpp\/files\/2018\/09\/afaaa50dc4c70896425d3ec23aaa7887.jpg 1534w\" sizes=\"auto, (max-width: 206px) 100vw, 206px\" \/><\/a><\/p>\n","protected":false},"excerpt":{"rendered":"<p>Durante los \u00faltimos a\u00f1os, en Chile ha aumentado la poblaci\u00f3n de adultos mayores que se ha insertado en el mercado laboral pasando a representar de 11,4% de la poblaci\u00f3n ocupada en 2010, a 1 5,9% en 2017. Asimismo, durante este mismo periodo se ha registrado un alza en el ingreso promedio de este segmento, de [&hellip;]<\/p>\n","protected":false},"author":22,"featured_media":893,"comment_status":"open","ping_status":"open","sticky":false,"template":"","format":"standard","meta":{"footnotes":""},"categories":[10162],"tags":[],"class_list":["post-3754","post","type-post","status-publish","format-standard","has-post-thumbnail","hentry","category-centro-en-la-prensa"],"featured_image_url":"https:\/\/gobierno.udd.cl\/cpp\/files\/2015\/05\/udd_cpp_prensa_340.png","_links":{"self":[{"href":"https:\/\/gobierno.udd.cl\/cpp\/wp-json\/wp\/v2\/posts\/3754","targetHints":{"allow":["GET"]}}],"collection":[{"href":"https:\/\/gobierno.udd.cl\/cpp\/wp-json\/wp\/v2\/posts"}],"about":[{"href":"https:\/\/gobierno.udd.cl\/cpp\/wp-json\/wp\/v2\/types\/post"}],"author":[{"embeddable":true,"href":"https:\/\/gobierno.udd.cl\/cpp\/wp-json\/wp\/v2\/users\/22"}],"replies":[{"embeddable":true,"href":"https:\/\/gobierno.udd.cl\/cpp\/wp-json\/wp\/v2\/comments?post=3754"}],"version-history":[{"count":1,"href":"https:\/\/gobierno.udd.cl\/cpp\/wp-json\/wp\/v2\/posts\/3754\/revisions"}],"predecessor-version":[{"id":3756,"href":"https:\/\/gobierno.udd.cl\/cpp\/wp-json\/wp\/v2\/posts\/3754\/revisions\/3756"}],"wp:featuredmedia":[{"embeddable":true,"href":"https:\/\/gobierno.udd.cl\/cpp\/wp-json\/wp\/v2\/media\/893"}],"wp:attachment":[{"href":"https:\/\/gobierno.udd.cl\/cpp\/wp-json\/wp\/v2\/media?parent=3754"}],"wp:term":[{"taxonomy":"category","embeddable":true,"href":"https:\/\/gobierno.udd.cl\/cpp\/wp-json\/wp\/v2\/categories?post=3754"},{"taxonomy":"post_tag","embeddable":true,"href":"https:\/\/gobierno.udd.cl\/cpp\/wp-json\/wp\/v2\/tags?post=3754"}],"curies":[{"name":"wp","href":"https:\/\/api.w.org\/{rel}","templated":true}]}}