{"id":3730,"date":"2018-09-06T22:54:31","date_gmt":"2018-09-07T01:54:31","guid":{"rendered":"http:\/\/gobierno.udd.cl\/cpp\/?p=3730"},"modified":"2018-09-06T22:55:50","modified_gmt":"2018-09-07T01:55:50","slug":"%ef%bb%bftercera-edad-entre-la-que-mas-sufre-abandono-en-el-pais-la-estrella-de-arica","status":"publish","type":"post","link":"https:\/\/gobierno.udd.cl\/cpp\/noticias\/2018\/09\/06\/%ef%bb%bftercera-edad-entre-la-que-mas-sufre-abandono-en-el-pais-la-estrella-de-arica\/","title":{"rendered":"\ufeffTercera edad entre la que m\u00e1s sufre abandono en el pa\u00eds &#8211; La Estrella de Arica"},"content":{"rendered":"<p style=\"text-align: justify;\">El abandono y la tercera edad son dos conceptos que, lamentablemente, se ven cada vez m\u00e1s ligados el uno del otro, con personas de la tercera edad que viven en la m\u00e1s completa soledad y con todos los problemas sicol\u00f3gicos que esta condici\u00f3n trae.<br \/>\nRecientemente fue publicado el reporte realizado por la Facultad de Gobierno de la\u00a0<span class=\"highlight\">UDD<\/span>\u00a0y Caja Los H\u00e9roes, que aborda la realidad de los adultos mayores, vinculando el abandono que muchas veces vive este segmento etario con el suicidio.<br \/>\nEntre los factores que afectan la salud mental del adulto mayor, y que lo hacen propenso al suicidio, diversos estudios sostienen que se encuentra el abandono y la p\u00e9rdida de redes sociales y familiares, entre otros.<br \/>\nEl an\u00e1lisis realizado por la\u00a0<span class=\"highlight\">Universidad<\/span>\u00a0<span class=\"highlight\">del<\/span>\u00a0<span class=\"highlight\">Desarrollo<\/span>\u00a0y la Caja Los H\u00e9roes concluy\u00f3 diversos puntos interesantes que grafican la realidad de uno de los sectores m\u00e1s vulnerables de la sociedad.<br \/>\nEntre estas reflexiones, a nivel nacional destaca el hecho de que entre los principales factores que afectan a la salud mental del adulto mayor (60 a\u00f1os o m\u00e1s), y lo hacen propicio al suicidio, est\u00e1 el abandono. Asimismo, trascendi\u00f3 que en Chile existen cerca de 2,85 millones de adultos mayores, de los cuales 410 mil viven solos. De estos 410 mil, 59,3% son mujeres y 40,7% son hombres.<br \/>\nMauricio Apablaza, economista de la Facultad de Gobierno de la\u00a0<span class=\"highlight\">Universidad<\/span>\u00a0<span class=\"highlight\">del<\/span>\u00a0<span class=\"highlight\">Desarrollo<\/span>, que particip\u00f3 en la investigaci\u00f3n, explic\u00f3 que \u201cel indicador de abandono recoge una aproximaci\u00f3n al fen\u00f3meno de soledad. Los resultados presentados representan a individuos viviendo en hogares compuestos solo por adultos mayores. Un hogar compuesto solo por personas mayores no necesariamente implica abandono, pero s\u00ed aumenta el factor de riesgo asociado al aislamiento social\u201d.<br \/>\nSobre los sub sectores con mayor concentraci\u00f3n de adultos mayores, el experto apunt\u00f3 a las zonas rurales.<br \/>\n\u201cEl abandono est\u00e1 principalmente ligado a zonas rurales donde los procesos de migraci\u00f3n internos del pa\u00eds han contribuido a generar y acentuar dicha situaci\u00f3n. En zonas urbanas la situaci\u00f3n es m\u00e1s compleja, ya que si bien la condici\u00f3n es menos importante surgen otras problem\u00e1ticas asociadas al grupo analizado\u201d, precis\u00f3.<br \/>\nDel mismo modo, ante la consulta por pol\u00edticas p\u00fablicas que puedan mitigar esta situaci\u00f3n, Apablaza manifest\u00f3 que \u201cla generaci\u00f3n de programas focalizados y locales parece ser una estrategia exitosa en la prevenci\u00f3n de enfermedades en las personas mayores. Sin embargo, las pol\u00edticas p\u00fablicas asociadas al envejecimiento activo no solo consideran la salud, sino que el desarrollo y potenciamiento de las capacidades y oportunidades de este grupo\u201d.<br \/>\nDesde Caja los H\u00e9roes, Germ\u00e1n Lafrentz, Gerente de Asuntos Corporativos de Caja Los H\u00e9roes, explic\u00f3 que \u201ceste estudio nace a ra\u00edz de la necesidad de aportar conocimiento a las pol\u00edticas p\u00fablicas referentes a las personas mayores. Hoy es urgente hacerse cargo de esta materia. Queda de manifiesto, por los resultados del estudio que el tema del abandono de los adultos mayores es un imperativo\u201d.<br \/>\nEn este mismo tenor, La-ffentz extiende un llamado a velar por este sector de la poblaci\u00f3n cuanto antes.<br \/>\n\u201cEs necesario que tanto el sector p\u00fablico como el privado velen m\u00e1s all\u00e1 del bienestar de los adultos mayores, con foco principalmente en su inclusi\u00f3n social y su aporte a la sociedad. Esto es necesario para que las pol\u00edticas sean sostenibles en el largo plazo, y para crear conciencia de la importancia del buen trato a la tercera y cuarta edad\u201d, se\u00f1al\u00f3.<\/p>\n<p><a href=\"https:\/\/goo.gl\/kLGzVR\"><img loading=\"lazy\" decoding=\"async\" class=\"size-medium wp-image-3732 aligncenter\" src=\"http:\/\/gobierno.udd.cl\/cpp\/files\/2018\/09\/2018-09-01_www.estrellaarica.cl_01_09_18_pag_08-1440-741a8d-240x300.jpg\" alt=\"\" width=\"240\" height=\"300\" srcset=\"https:\/\/gobierno.udd.cl\/cpp\/files\/2018\/09\/2018-09-01_www.estrellaarica.cl_01_09_18_pag_08-1440-741a8d-240x300.jpg 240w, https:\/\/gobierno.udd.cl\/cpp\/files\/2018\/09\/2018-09-01_www.estrellaarica.cl_01_09_18_pag_08-1440-741a8d-768x960.jpg 768w, https:\/\/gobierno.udd.cl\/cpp\/files\/2018\/09\/2018-09-01_www.estrellaarica.cl_01_09_18_pag_08-1440-741a8d-819x1024.jpg 819w, https:\/\/gobierno.udd.cl\/cpp\/files\/2018\/09\/2018-09-01_www.estrellaarica.cl_01_09_18_pag_08-1440-741a8d.jpg 1440w\" sizes=\"auto, (max-width: 240px) 100vw, 240px\" \/><\/a><\/p>\n","protected":false},"excerpt":{"rendered":"<p>\ufeffEstudio de la Facultad de Gobierno de la U. del Desarrollo y Caja Los H\u00e9roes analiz\u00f3 la situaci\u00f3n de los adultos mayores que viven en soledad y la relaci\u00f3n con las tasas de suicidio.<\/p>\n","protected":false},"author":22,"featured_media":893,"comment_status":"open","ping_status":"open","sticky":false,"template":"","format":"standard","meta":{"footnotes":""},"categories":[10162],"tags":[],"class_list":["post-3730","post","type-post","status-publish","format-standard","has-post-thumbnail","hentry","category-centro-en-la-prensa"],"featured_image_url":"https:\/\/gobierno.udd.cl\/cpp\/files\/2015\/05\/udd_cpp_prensa_340.png","_links":{"self":[{"href":"https:\/\/gobierno.udd.cl\/cpp\/wp-json\/wp\/v2\/posts\/3730","targetHints":{"allow":["GET"]}}],"collection":[{"href":"https:\/\/gobierno.udd.cl\/cpp\/wp-json\/wp\/v2\/posts"}],"about":[{"href":"https:\/\/gobierno.udd.cl\/cpp\/wp-json\/wp\/v2\/types\/post"}],"author":[{"embeddable":true,"href":"https:\/\/gobierno.udd.cl\/cpp\/wp-json\/wp\/v2\/users\/22"}],"replies":[{"embeddable":true,"href":"https:\/\/gobierno.udd.cl\/cpp\/wp-json\/wp\/v2\/comments?post=3730"}],"version-history":[{"count":2,"href":"https:\/\/gobierno.udd.cl\/cpp\/wp-json\/wp\/v2\/posts\/3730\/revisions"}],"predecessor-version":[{"id":3733,"href":"https:\/\/gobierno.udd.cl\/cpp\/wp-json\/wp\/v2\/posts\/3730\/revisions\/3733"}],"wp:featuredmedia":[{"embeddable":true,"href":"https:\/\/gobierno.udd.cl\/cpp\/wp-json\/wp\/v2\/media\/893"}],"wp:attachment":[{"href":"https:\/\/gobierno.udd.cl\/cpp\/wp-json\/wp\/v2\/media?parent=3730"}],"wp:term":[{"taxonomy":"category","embeddable":true,"href":"https:\/\/gobierno.udd.cl\/cpp\/wp-json\/wp\/v2\/categories?post=3730"},{"taxonomy":"post_tag","embeddable":true,"href":"https:\/\/gobierno.udd.cl\/cpp\/wp-json\/wp\/v2\/tags?post=3730"}],"curies":[{"name":"wp","href":"https:\/\/api.w.org\/{rel}","templated":true}]}}