{"id":3727,"date":"2018-09-06T22:49:26","date_gmt":"2018-09-07T01:49:26","guid":{"rendered":"http:\/\/gobierno.udd.cl\/cpp\/?p=3727"},"modified":"2018-09-06T22:50:05","modified_gmt":"2018-09-07T01:50:05","slug":"%ef%bb%bfuna-mirada-mas-profunda-al-envejecimiento-diario-concepcion","status":"publish","type":"post","link":"https:\/\/gobierno.udd.cl\/cpp\/noticias\/2018\/09\/06\/%ef%bb%bfuna-mirada-mas-profunda-al-envejecimiento-diario-concepcion\/","title":{"rendered":"\ufeffUna mirada m\u00e1s profunda al envejecimiento &#8211; Diario Concepci\u00f3n"},"content":{"rendered":"<p style=\"text-align: justify;\">Se\u00f1or Director:<br \/>\nEn el \u00faltimo mes se han recogido una serie de casos particulares sobre situaciones que enfrentan los adultos mayores en el pa\u00eds. Las denuncias por discriminaci\u00f3n de la banca, reportes de abandono y el suicidio de un matrimonio de 80 a\u00f1os en Conchal\u00ed, por mencionar algunos, han abierto la ventana para que el tema entre en la agenda p\u00fablica.<br \/>\nA su vez, el Presidente Sebasti\u00e1n Pi-\u00f1era, el pasado mes de julio, anunci\u00f3 la creaci\u00f3n del Consejo Ciudadano de Personas Mayores, iniciativa transversal que recoge la preocupaci\u00f3n por la situaci\u00f3n de una poblaci\u00f3n que hoy alcanza los 2,85 millones de personas.<br \/>\nSin embargo, para una sociedad como la chilena que enfrenta una transici\u00f3n demogr\u00e1fica acelerada, producto del significativo aumento de la esperanza de vida e importante ca\u00edda en las tasas de natalidad y mortalidad infantil, el desaf\u00edo va m\u00e1s all\u00e1 de lo contingente. Quedarnos solo con la fotograf\u00eda que surge del caso particular nos puede conducir a conclusiones incompletas y, por tanto, a entregar respuestas insuficientes mediante pol\u00edticas p\u00fablicas mal dise\u00f1adas.<br \/>\nLas cifras nos ubican como uno de los pa\u00edses m\u00e1s longevos de Latinoam\u00e9rica y cercanos a los niveles de pa\u00eds desarrollado, con una poblaci\u00f3n de personas mayores que sufre serios problemas de abandono, principalmente en zonas rurales; de salud, reflejados entre otros en problemas de salud mental; de precari-zaci\u00f3n del trabajo con un n\u00famero importante trabajando informalmente; y de educaci\u00f3n con bajos niveles de escolaridad.<br \/>\nEn cuanto a la situaci\u00f3n de pobreza, la Casen 2017 indica que existen cerca de 156 mil adultos mayores cuyo ingreso no les permite satisfacer necesidades b\u00e1sicas, y 727 mil que se encuentran en situaci\u00f3n de pobreza multidimensional la que incluso aument\u00f3, marginalmente, respecto de la medici\u00f3n de 2015 en este segmento etario.<br \/>\nEn consecuencia, si bien la contingencia sirve como alerta, no es suficiente desde el punto de vista de la pol\u00edtica p\u00fablica. El fen\u00f3meno requiere una mirada mucho m\u00e1s amplia, y el desaf\u00edo es integrar la visi\u00f3n tanto del sector p\u00fablico, sociedad civil, acad\u00e9micos y empresarios.<br \/>\nEnfrentar las consecuencias del envejecimiento de nuestra poblaci\u00f3n, necesita de pol\u00edticas p\u00fablicas coordinadas entre los distintos ministerios y gobiernos locales, y de una visi\u00f3n de Estado.<br \/>\n<strong>Felipe Vega<\/strong><br \/>\n<strong>Investigador Centro de Estudios CIPEM\/Facultad de Gobierno\u00a0<span class=\"highlight\">UDD<\/span>\u00a0Caja Los H\u00e9roes<\/strong><a href=\"https:\/\/goo.gl\/GjAqYP\"><img loading=\"lazy\" decoding=\"async\" class=\"size-medium wp-image-3728 aligncenter\" src=\"http:\/\/gobierno.udd.cl\/cpp\/files\/2018\/09\/0addc39c80d2ebd7f07fd5cdfd53d1b7-206x300.jpg\" alt=\"\" width=\"206\" height=\"300\" srcset=\"https:\/\/gobierno.udd.cl\/cpp\/files\/2018\/09\/0addc39c80d2ebd7f07fd5cdfd53d1b7-206x300.jpg 206w, https:\/\/gobierno.udd.cl\/cpp\/files\/2018\/09\/0addc39c80d2ebd7f07fd5cdfd53d1b7-768x1119.jpg 768w, https:\/\/gobierno.udd.cl\/cpp\/files\/2018\/09\/0addc39c80d2ebd7f07fd5cdfd53d1b7-703x1024.jpg 703w, https:\/\/gobierno.udd.cl\/cpp\/files\/2018\/09\/0addc39c80d2ebd7f07fd5cdfd53d1b7-659x960.jpg 659w\" sizes=\"auto, (max-width: 206px) 100vw, 206px\" \/><\/a><\/p>\n","protected":false},"excerpt":{"rendered":"<p>Se\u00f1or Director: En el \u00faltimo mes se han recogido una serie de casos particulares sobre situaciones que enfrentan los adultos mayores en el pa\u00eds. Las denuncias por discriminaci\u00f3n de la banca, reportes de abandono y el suicidio de un matrimonio de 80 a\u00f1os en Conchal\u00ed, por mencionar algunos, han abierto la ventana para que el [&hellip;]<\/p>\n","protected":false},"author":22,"featured_media":893,"comment_status":"open","ping_status":"open","sticky":false,"template":"","format":"standard","meta":{"footnotes":""},"categories":[10162],"tags":[],"class_list":["post-3727","post","type-post","status-publish","format-standard","has-post-thumbnail","hentry","category-centro-en-la-prensa"],"featured_image_url":"https:\/\/gobierno.udd.cl\/cpp\/files\/2015\/05\/udd_cpp_prensa_340.png","_links":{"self":[{"href":"https:\/\/gobierno.udd.cl\/cpp\/wp-json\/wp\/v2\/posts\/3727","targetHints":{"allow":["GET"]}}],"collection":[{"href":"https:\/\/gobierno.udd.cl\/cpp\/wp-json\/wp\/v2\/posts"}],"about":[{"href":"https:\/\/gobierno.udd.cl\/cpp\/wp-json\/wp\/v2\/types\/post"}],"author":[{"embeddable":true,"href":"https:\/\/gobierno.udd.cl\/cpp\/wp-json\/wp\/v2\/users\/22"}],"replies":[{"embeddable":true,"href":"https:\/\/gobierno.udd.cl\/cpp\/wp-json\/wp\/v2\/comments?post=3727"}],"version-history":[{"count":1,"href":"https:\/\/gobierno.udd.cl\/cpp\/wp-json\/wp\/v2\/posts\/3727\/revisions"}],"predecessor-version":[{"id":3729,"href":"https:\/\/gobierno.udd.cl\/cpp\/wp-json\/wp\/v2\/posts\/3727\/revisions\/3729"}],"wp:featuredmedia":[{"embeddable":true,"href":"https:\/\/gobierno.udd.cl\/cpp\/wp-json\/wp\/v2\/media\/893"}],"wp:attachment":[{"href":"https:\/\/gobierno.udd.cl\/cpp\/wp-json\/wp\/v2\/media?parent=3727"}],"wp:term":[{"taxonomy":"category","embeddable":true,"href":"https:\/\/gobierno.udd.cl\/cpp\/wp-json\/wp\/v2\/categories?post=3727"},{"taxonomy":"post_tag","embeddable":true,"href":"https:\/\/gobierno.udd.cl\/cpp\/wp-json\/wp\/v2\/tags?post=3727"}],"curies":[{"name":"wp","href":"https:\/\/api.w.org\/{rel}","templated":true}]}}