{"id":3724,"date":"2018-09-06T22:46:01","date_gmt":"2018-09-07T01:46:01","guid":{"rendered":"http:\/\/gobierno.udd.cl\/cpp\/?p=3724"},"modified":"2018-09-06T22:46:01","modified_gmt":"2018-09-07T01:46:01","slug":"estudio-constata-el-abandono-que-sufren-los-adultos-mayores-la-estrella-de-chiloe","status":"publish","type":"post","link":"https:\/\/gobierno.udd.cl\/cpp\/noticias\/2018\/09\/06\/estudio-constata-el-abandono-que-sufren-los-adultos-mayores-la-estrella-de-chiloe\/","title":{"rendered":"Estudio constata el abandono que sufren los adultos mayores &#8211; La Estrella de Chilo\u00e9"},"content":{"rendered":"<p style=\"text-align: justify;\">El abandono y la tercera edad son dos conceptos que, lamentablemente, se ven cada vez m\u00e1s ligados el uno del otro, con personas de este grupo etario que viven en la m\u00e1s completa soledad y con todos los problemas sicol\u00f3gicos que esta condici\u00f3n trae.<br \/>\nRecientemente fue publicado el reporte realizado por la Facultad de Gobierno de la\u00a0<span class=\"highlight\">Universidad\u00a0<\/span><span class=\"highlight\">del<\/span>\u00a0<span class=\"highlight\">Desarrollo<\/span>\u00a0(<span class=\"highlight\">UDD<\/span>) y Caja Los H\u00e9roes, que aborda la realidad de los adultos mayores, vinculando el abandono que muchas veces experimenta este segmento de la poblaci\u00f3n con el suicidio.<br \/>\nEntre los factores que afectan la salud mental del adulto mayor, y que lo hacen propenso al suicidio, diversos estudios sostienen que se encuentra el abandono y la p\u00e9rdida de redes sociales y familiares, entre otros.<br \/>\nEl an\u00e1lisis realizado pollas dos entidades concluy\u00f3 diversos puntos interesantes que grafican la realidad de uno de los sectores m\u00e1s vulnerables de la sociedad.<br \/>\nDentro de estas reflexiones, a nivel nacional destaca el hecho de que entre los principales factores que afectan a la salud mental del adulto mayor (60 a\u00f1os o m\u00e1s), y lo hacen propicio al suicidio, est\u00e1 el abandono. Asimismo, trascendi\u00f3 que en Chile existen cerca de 2,85 millones de adultos mayores, de los cuales 410 mil viven solos. De estos 59,3% son mujeres y 40,7%, hombres.<\/p>\n<p style=\"text-align: justify;\"><strong>PUNTERAS<\/strong><\/p>\n<p style=\"text-align: justify;\">La regi\u00f3n con mayor proporci\u00f3n de ancianos es Valpara\u00edso, con 18% de la poblaci\u00f3n. Tambi\u00e9n es uno ele los territorios donde m\u00e1s adultos mayores viven completamente solos, junto con Ays\u00e9ny Los R\u00edos.<br \/>\nConsultamos con Mauricio Apablaza, economista de la Facultad de Gobierno de la\u00a0<span class=\"highlight\">Universidad<\/span><span class=\"highlight\">del<\/span>\u00a0<span class=\"highlight\">Desarrollo<\/span>, que particip\u00f3 en la investigaci\u00f3n, y nos explic\u00f3 que \u201cel indicador de abandono recoge una aproximaci\u00f3n al fen\u00f3meno de soledad. Los resultados presentados representan a individuos viviendo en hogares compuestos solo por adultos mayo-<br \/>\nres. Un hogar compuesto solo por personas mayores no necesariamente implica abandono, pero s\u00ed aumenta el factor de riesgo asociado al aislamiento social\u201d.<br \/>\nSobre los subsectores con mayor concentraci\u00f3n de adultos mayores, el experto apunt\u00f3 a los sectores rurales.<br \/>\n\u201c El abandono est\u00e1 principalmente ligado a zonas rurales, donde los procesos de migraci\u00f3n internos del pa\u00eds han contribuido a general&#8217; y acentuar dicha situaci\u00f3n. En zonas urbanas la situaci\u00f3n es m\u00e1s compleja, ya que si bien la condici\u00f3n es menos importante, surgen otras problem\u00e1ticas asociadas al grupo analizado\u201d, precis\u00f3.<br \/>\nDel mismo modo, ante la consulta por pol\u00edticas p\u00fablicas que puedan mitigar esta situaci\u00f3n, Apablaza manifest\u00f3 que \u201cla generaci\u00f3n de programas focalizados y locales parece ser una estrategia exitosa en la prevenci\u00f3n de enfermedades en las personas mayores. Sin embargo, las pol\u00edticas p\u00fablicas asociadas al envejecimiento activo no solo consideran la salud, sino que el desarrollo y potendamiento de las capacidades y oportunidades de este grupo\u201d.<\/p>\n<p style=\"text-align: justify;\"><strong>UN PROBLEMA PA\u00cdS<\/strong><\/p>\n<p style=\"text-align: justify;\">Desde Caja los H\u00e9roes, Germ\u00e1n Laffentz, gerente de asuntos corporativos, revel\u00f3 que \u201ceste estudio nace a ra\u00edz ele la necesidad de aportar conocimiento a las pol\u00edticas p\u00fablicas referentes a las personas mayores. Hoy es urgente hacerse caigo de esta materia. Queda de manifiesto, por los resultados del estudio, que el tema del abandono de los adultos mayores es un imperativo\u201d. En este mismo tenor, el ejecutivo extiende un llamado a velar por este sector de la poblaci\u00f3n cuanto antes.<br \/>\nCen\u00f3: \u201cEs necesario que tanto el sector p\u00fablico como el privado velen m\u00e1s all\u00e1 del bienestar de los adultos mayores, con foco principalmente en su inclusi\u00f3n social y su aporte a la sociedad. Esto es necesario para que las pol\u00edticas sean sostenibles en el largo plazo, y para crear conciencia de la importancia del buen trato a la tercera y cuarta edad\u201d. O<\/p>\n<p style=\"text-align: justify;\"><strong>SOLEDAD Y SUICIDIO<\/strong><\/p>\n<p style=\"text-align: justify;\">El estudio recoge la relaci\u00f3n entre la soledad y el suicidio en la poblaci\u00f3n de la tercera edad en Chile. \u00abLa literatura ha relacionado de manera directa el aislamiento social con la depresi\u00f3n, siendo estos uno de los factores de riesgo asociado al suicidio. Sin embargo, se debe reconocer que la salud mental es un fen\u00f3meno multidimensional que no solo considera el aislamiento, sino tambi\u00e9n otros factores como la salud f\u00edsica\u00bb, explica Mauricio Apablaza, economista de la Facultad de Gobierno de la\u00a0<span class=\"highlight\">Universidad<\/span>\u00a0<span class=\"highlight\">del<\/span>\u00a0<span class=\"highlight\">Desarrollo<\/span>.<\/p>\n<p><a href=\"https:\/\/goo.gl\/ZQb1jm\"><img loading=\"lazy\" decoding=\"async\" class=\"size-medium wp-image-3725 aligncenter\" src=\"http:\/\/gobierno.udd.cl\/cpp\/files\/2018\/09\/5ac7fac89a7dad7efa22ea2a8cb8af9c-240x300.jpg\" alt=\"\" width=\"240\" height=\"300\" srcset=\"https:\/\/gobierno.udd.cl\/cpp\/files\/2018\/09\/5ac7fac89a7dad7efa22ea2a8cb8af9c-240x300.jpg 240w, https:\/\/gobierno.udd.cl\/cpp\/files\/2018\/09\/5ac7fac89a7dad7efa22ea2a8cb8af9c-768x960.jpg 768w, https:\/\/gobierno.udd.cl\/cpp\/files\/2018\/09\/5ac7fac89a7dad7efa22ea2a8cb8af9c-819x1024.jpg 819w, https:\/\/gobierno.udd.cl\/cpp\/files\/2018\/09\/5ac7fac89a7dad7efa22ea2a8cb8af9c.jpg 1440w\" sizes=\"auto, (max-width: 240px) 100vw, 240px\" \/><\/a><\/p>\n","protected":false},"excerpt":{"rendered":"<p>\ufeffInvestigaci\u00f3n de la Facultad de Gobierno de la Universidad del Desarrollo y Caja Los H\u00e9roes analiz\u00f3 la situaci\u00f3n de personas de este grupo etario que viven en soledad y la relaci\u00f3n con las tasas de suicidio.<\/p>\n","protected":false},"author":22,"featured_media":893,"comment_status":"open","ping_status":"open","sticky":false,"template":"","format":"standard","meta":{"footnotes":""},"categories":[10162,10893],"tags":[],"class_list":["post-3724","post","type-post","status-publish","format-standard","has-post-thumbnail","hentry","category-centro-en-la-prensa","category-la-estrella-de-chiloe"],"featured_image_url":"https:\/\/gobierno.udd.cl\/cpp\/files\/2015\/05\/udd_cpp_prensa_340.png","_links":{"self":[{"href":"https:\/\/gobierno.udd.cl\/cpp\/wp-json\/wp\/v2\/posts\/3724","targetHints":{"allow":["GET"]}}],"collection":[{"href":"https:\/\/gobierno.udd.cl\/cpp\/wp-json\/wp\/v2\/posts"}],"about":[{"href":"https:\/\/gobierno.udd.cl\/cpp\/wp-json\/wp\/v2\/types\/post"}],"author":[{"embeddable":true,"href":"https:\/\/gobierno.udd.cl\/cpp\/wp-json\/wp\/v2\/users\/22"}],"replies":[{"embeddable":true,"href":"https:\/\/gobierno.udd.cl\/cpp\/wp-json\/wp\/v2\/comments?post=3724"}],"version-history":[{"count":1,"href":"https:\/\/gobierno.udd.cl\/cpp\/wp-json\/wp\/v2\/posts\/3724\/revisions"}],"predecessor-version":[{"id":3726,"href":"https:\/\/gobierno.udd.cl\/cpp\/wp-json\/wp\/v2\/posts\/3724\/revisions\/3726"}],"wp:featuredmedia":[{"embeddable":true,"href":"https:\/\/gobierno.udd.cl\/cpp\/wp-json\/wp\/v2\/media\/893"}],"wp:attachment":[{"href":"https:\/\/gobierno.udd.cl\/cpp\/wp-json\/wp\/v2\/media?parent=3724"}],"wp:term":[{"taxonomy":"category","embeddable":true,"href":"https:\/\/gobierno.udd.cl\/cpp\/wp-json\/wp\/v2\/categories?post=3724"},{"taxonomy":"post_tag","embeddable":true,"href":"https:\/\/gobierno.udd.cl\/cpp\/wp-json\/wp\/v2\/tags?post=3724"}],"curies":[{"name":"wp","href":"https:\/\/api.w.org\/{rel}","templated":true}]}}