{"id":3702,"date":"2018-08-28T22:25:16","date_gmt":"2018-08-29T01:25:16","guid":{"rendered":"http:\/\/gobierno.udd.cl\/cpp\/?p=3702"},"modified":"2018-08-28T22:25:16","modified_gmt":"2018-08-29T01:25:16","slug":"estudio-revela-el-bajo-sueldo-de-los-adultos-mayores-que-trabajan-radio-pauta","status":"publish","type":"post","link":"https:\/\/gobierno.udd.cl\/cpp\/noticias\/2018\/08\/28\/estudio-revela-el-bajo-sueldo-de-los-adultos-mayores-que-trabajan-radio-pauta\/","title":{"rendered":"Estudio revela el bajo sueldo de los adultos mayores que trabajan &#8211; Radio Pauta"},"content":{"rendered":"<p style=\"text-align: justify;\">Un estudio realizado por la\u00a0<span class=\"highlight\">Universidad<\/span>\u00a0<span class=\"highlight\">del<\/span>\u00a0<span class=\"highlight\">Desarrollo<\/span>\u00a0y la caja los h\u00e9roes revel\u00f3 que el 50% de los adultos mayores reciben un sueldo igual o inferior a 307 mil pesos.<br \/>\n<b>Menci\u00f3n:<\/b>\u00a0<span class=\"highlight\">UDD<\/span><\/p>\n<audio class=\"wp-audio-shortcode\" id=\"audio-3702-1\" preload=\"none\" style=\"width: 100%;\" controls=\"controls\"><source type=\"audio\/mpeg\" src=\"http:\/\/conectamedia.s3.amazonaws.com\/2586cdc066b794c4753ca80805d998d4.mp3?_=1\" \/><a href=\"http:\/\/conectamedia.s3.amazonaws.com\/2586cdc066b794c4753ca80805d998d4.mp3\">http:\/\/conectamedia.s3.amazonaws.com\/2586cdc066b794c4753ca80805d998d4.mp3<\/a><\/audio>\n","protected":false},"excerpt":{"rendered":"<p>Un estudio realizado por la\u00a0Universidad\u00a0del\u00a0Desarrollo\u00a0y la caja los h\u00e9roes revel\u00f3 que el 50% de los adultos mayores reciben un sueldo igual o inferior a 307 mil pesos. Menci\u00f3n:\u00a0UDD<\/p>\n","protected":false},"author":22,"featured_media":893,"comment_status":"open","ping_status":"open","sticky":false,"template":"","format":"standard","meta":{"footnotes":""},"categories":[10162],"tags":[],"class_list":["post-3702","post","type-post","status-publish","format-standard","has-post-thumbnail","hentry","category-centro-en-la-prensa"],"featured_image_url":"https:\/\/gobierno.udd.cl\/cpp\/files\/2015\/05\/udd_cpp_prensa_340.png","_links":{"self":[{"href":"https:\/\/gobierno.udd.cl\/cpp\/wp-json\/wp\/v2\/posts\/3702","targetHints":{"allow":["GET"]}}],"collection":[{"href":"https:\/\/gobierno.udd.cl\/cpp\/wp-json\/wp\/v2\/posts"}],"about":[{"href":"https:\/\/gobierno.udd.cl\/cpp\/wp-json\/wp\/v2\/types\/post"}],"author":[{"embeddable":true,"href":"https:\/\/gobierno.udd.cl\/cpp\/wp-json\/wp\/v2\/users\/22"}],"replies":[{"embeddable":true,"href":"https:\/\/gobierno.udd.cl\/cpp\/wp-json\/wp\/v2\/comments?post=3702"}],"version-history":[{"count":1,"href":"https:\/\/gobierno.udd.cl\/cpp\/wp-json\/wp\/v2\/posts\/3702\/revisions"}],"predecessor-version":[{"id":3704,"href":"https:\/\/gobierno.udd.cl\/cpp\/wp-json\/wp\/v2\/posts\/3702\/revisions\/3704"}],"wp:featuredmedia":[{"embeddable":true,"href":"https:\/\/gobierno.udd.cl\/cpp\/wp-json\/wp\/v2\/media\/893"}],"wp:attachment":[{"href":"https:\/\/gobierno.udd.cl\/cpp\/wp-json\/wp\/v2\/media?parent=3702"}],"wp:term":[{"taxonomy":"category","embeddable":true,"href":"https:\/\/gobierno.udd.cl\/cpp\/wp-json\/wp\/v2\/categories?post=3702"},{"taxonomy":"post_tag","embeddable":true,"href":"https:\/\/gobierno.udd.cl\/cpp\/wp-json\/wp\/v2\/tags?post=3702"}],"curies":[{"name":"wp","href":"https:\/\/api.w.org\/{rel}","templated":true}]}}