{"id":3670,"date":"2018-08-17T16:52:51","date_gmt":"2018-08-17T19:52:51","guid":{"rendered":"http:\/\/gobierno.udd.cl\/cpp\/?p=3670"},"modified":"2018-08-17T16:52:51","modified_gmt":"2018-08-17T19:52:51","slug":"entrevista-a-gonzalo-muller-director-del-centro-de-pp-pp-de-la-u-del-desarrollo-radio-cooperativa","status":"publish","type":"post","link":"https:\/\/gobierno.udd.cl\/cpp\/noticias\/2018\/08\/17\/entrevista-a-gonzalo-muller-director-del-centro-de-pp-pp-de-la-u-del-desarrollo-radio-cooperativa\/","title":{"rendered":"Entrevista a Gonzalo M\u00fcller, director del Centro de PP.PP. de la U. del Desarrollo &#8211; Radio Cooperativa"},"content":{"rendered":"<p style=\"text-align: justify;\">El acad\u00e9mico de la\u00a0<span class=\"highlight\">UDD<\/span>\u00a0analiza el primer cambio de gabinete donde Gerardo Varela dej\u00f3 el ministerio de educaci\u00f3n y Alejandra P\u00e9rez el ministerio de cultura.<\/p>\n<p><b>Habla:<\/b>\u00a0Gonzalo M\u00fcller, director del\u00a0 centro de pol\u00edticas p\u00fablicas\u00a0<span class=\"highlight\">del<\/span>\u00a0<span class=\"highlight\">U<\/span>.\u00a0<span class=\"highlight\">del<\/span>\u00a0<span class=\"highlight\">Desarrollo<\/span>.<br \/>\n<b>Menci\u00f3n:<\/b>\u00a0Marcela Cubillos, ministra de educaci\u00f3n.<\/p>\n","protected":false},"excerpt":{"rendered":"<p>El acad\u00e9mico de la\u00a0UDD\u00a0analiza el primer cambio de gabinete donde Gerardo Varela dej\u00f3 el ministerio de educaci\u00f3n y Alejandra P\u00e9rez el ministerio de cultura. Habla:\u00a0Gonzalo M\u00fcller, director del\u00a0 centro de pol\u00edticas p\u00fablicas\u00a0del\u00a0U.\u00a0del\u00a0Desarrollo. Menci\u00f3n:\u00a0Marcela Cubillos, ministra de educaci\u00f3n.<\/p>\n","protected":false},"author":22,"featured_media":893,"comment_status":"open","ping_status":"open","sticky":false,"template":"","format":"standard","meta":{"footnotes":""},"categories":[10162],"tags":[],"class_list":["post-3670","post","type-post","status-publish","format-standard","has-post-thumbnail","hentry","category-centro-en-la-prensa"],"featured_image_url":"https:\/\/gobierno.udd.cl\/cpp\/files\/2015\/05\/udd_cpp_prensa_340.png","_links":{"self":[{"href":"https:\/\/gobierno.udd.cl\/cpp\/wp-json\/wp\/v2\/posts\/3670","targetHints":{"allow":["GET"]}}],"collection":[{"href":"https:\/\/gobierno.udd.cl\/cpp\/wp-json\/wp\/v2\/posts"}],"about":[{"href":"https:\/\/gobierno.udd.cl\/cpp\/wp-json\/wp\/v2\/types\/post"}],"author":[{"embeddable":true,"href":"https:\/\/gobierno.udd.cl\/cpp\/wp-json\/wp\/v2\/users\/22"}],"replies":[{"embeddable":true,"href":"https:\/\/gobierno.udd.cl\/cpp\/wp-json\/wp\/v2\/comments?post=3670"}],"version-history":[{"count":1,"href":"https:\/\/gobierno.udd.cl\/cpp\/wp-json\/wp\/v2\/posts\/3670\/revisions"}],"predecessor-version":[{"id":3671,"href":"https:\/\/gobierno.udd.cl\/cpp\/wp-json\/wp\/v2\/posts\/3670\/revisions\/3671"}],"wp:featuredmedia":[{"embeddable":true,"href":"https:\/\/gobierno.udd.cl\/cpp\/wp-json\/wp\/v2\/media\/893"}],"wp:attachment":[{"href":"https:\/\/gobierno.udd.cl\/cpp\/wp-json\/wp\/v2\/media?parent=3670"}],"wp:term":[{"taxonomy":"category","embeddable":true,"href":"https:\/\/gobierno.udd.cl\/cpp\/wp-json\/wp\/v2\/categories?post=3670"},{"taxonomy":"post_tag","embeddable":true,"href":"https:\/\/gobierno.udd.cl\/cpp\/wp-json\/wp\/v2\/tags?post=3670"}],"curies":[{"name":"wp","href":"https:\/\/api.w.org\/{rel}","templated":true}]}}