{"id":3664,"date":"2018-08-17T16:35:11","date_gmt":"2018-08-17T19:35:11","guid":{"rendered":"http:\/\/gobierno.udd.cl\/cpp\/?p=3664"},"modified":"2018-08-17T16:42:34","modified_gmt":"2018-08-17T19:42:34","slug":"region-es-tercera-del-pais-en-tasa-de-suicidio-de-adultos-mayores-el-llanquihue","status":"publish","type":"post","link":"https:\/\/gobierno.udd.cl\/cpp\/noticias\/2018\/08\/17\/region-es-tercera-del-pais-en-tasa-de-suicidio-de-adultos-mayores-el-llanquihue\/","title":{"rendered":"Regi\u00f3n es tercera del pa\u00eds en tasa de suicidio de adultos mayores &#8211; El Llanquihue"},"content":{"rendered":"<p style=\"text-align: justify;\">Joi-gc Olivares Castro (84 a\u00f1os) y su esposa Elsa Ayala Castro (89 a\u00f1os) murieron solos y sin esperanza. Su historia impact\u00f3 a la opini\u00f3n p\u00fablica el pasado 21 de julio, luego de divulgarse c\u00f3mo terminaron sus 55 a\u00f1os de matrimonio. Jorge le dispar\u00f3 en la sien a Elsa. Luego, se suicid\u00f3 con la misma arma. No tuvieron hijos, apenas eran visitados por un sobrino. El abandono y las graves enfermedades que padec\u00edan fueron detonantes de la decisi\u00f3n.<br \/>\nLamentablemente, casos este no son \u00fanicos de la zona metropolitana. La Regi\u00f3n de Los Lagos es la tercera a nivel nacional respecto a tasas de mortalidad, en cuanto a suicidios de adultos mayores que viven en hogares unipersonales, es decir, solos.<br \/>\nEl antecedente se desprende de un reporte elaborado polla Facultad de Gobierno de la\u00a0<span class=\"highlight\">Universidad<\/span>\u00a0<span class=\"highlight\">del<\/span>\u00a0<span class=\"highlight\">Desarrollo<\/span>\u00a0y la Caja Los H\u00e9roes, donde se aborda la realidad de los adultos mayores, vinculado al abandono que muchas veces vive es- te segmento etario.<br \/>\nEn cuanto a la proporci\u00f3n de adultos mayores de la Regi\u00f3n de Los Lagos, el estudio indica que el 15,2% de este segmento etario vive solo. Ello equivale a 19 mil 591 personas en las provincias de Llanqui-hue, Osorno, Chilo\u00e9 y Palena, seg\u00fan el Censo 2017.<br \/>\nA nivel nacional, un total de 410 mil personas viven en esta misma condici\u00f3n (59,3% son mujeres y 40,7% son hombres).<br \/>\nEntre los factores que afectan la salud mental del adulto mayor, y que lo hacen propenso al suicidio, la literatura sostiene que se encuentra el abandono y p\u00e9rdida de redes sociales y familiares, precisa el reporte firmado por Felipe Vega, delaUDD.<br \/>\n<strong>REGIONES<\/strong><br \/>\nLas regiones con mayor cantidad de suicidios de adultos mayores son La Araucan\u00eda, Ays\u00e9n, Los Lagos, Los R\u00edos y El Maul\u00e9. Por el lado contrar\u00edo, las zonas con cifras m\u00e1s bajas son Tara-pac\u00e1, Arica y Par\u00ednacota, Ataca-ma y Antofagasta (ver tabla p\u00e1gina 3).<br \/>\nEn este sentido, y respecto al fen\u00f3meno del suicidio, que- da en evidencia un factor geogr\u00e1fico en las cifras de suicidio, donde el sur -donde predomina el fr\u00edo y la lluvia-, lidera el numera de eventos, en comparaci\u00f3n a las regiones de la zona norte.<br \/>\n<strong>AN\u00c1LISIS<\/strong><br \/>\n\u201cYo no quiero que nunca m\u00e1s un adulto se muera solo\u201d. As\u00ed reaccion\u00f3 Fabiola Oyarz\u00fan, presidenta la Uni\u00f3n Comunal de Adultos Mayores (Puerto Montt), al ser consultada por este Diario sobra los datos arrojados en el reporte.<br \/>\nEn cuanto a c\u00f3mo se puede atacar este sombr\u00edo diagn\u00f3stico, la dirigente de los mayores dice que uige construir e imple-mentar centros de atenci\u00f3n diurna, donde \u201cel adulto mayor pueda ir y en la tarde retornar a su casa.\u201d.<br \/>\nOtra v\u00eda de trabajo con personas mayores, sostiene Oyarz\u00fan, tiene que ver con potenciar el trabajo que realizan las universidades en Puerto Montt, en cuanto a que sus estudiantes puedan, por ejemplo, ejercer sus trabajos pr\u00e1cticos en atenci\u00f3n a adultos mayores. Por ejemplo, ello actualmente es desarrollado por la Universidad Santo Tom\u00e1s, a trav\u00e9s de sus alumnos de la carrera de Podolog\u00eda.<br \/>\nHern\u00e1n Navarro, presidente de la Uni\u00f3n Comunal de Juntas de Vecinos, sostiene que el fen\u00f3meno de la soledad de los adultos mayores resulta m\u00e1s complicado en las \u00e1reas rurales, puesto que \u201cse est\u00e1n despoblando. La ciudad atrae a los m\u00e1s j\u00f3venes, dado la disponibilidad de dinero en efectivo, cuesti\u00f3n que en el campo no hay. As\u00ed las cosas, la gente de m\u00e1s edad se queda sola y no asume las labores agr\u00edcolas\u201d.<br \/>\nY desde la condici\u00f3n geogr\u00e1fica que concentra los suicidios en la zona sur, Navarro comenta que \u201cpuede ser que el factor clim\u00e1tico acent\u00faa la soledad, lo que coincide con la falta redes de apoyo afectivo\u201d, por lo que resulta necesario potenciar las pol\u00edticas p\u00fablicas que se focalicen en esta tem\u00e1tica, para que los adultos mayores no queden en la soledad absoluta.<br \/>\n<strong>PREVENCI\u00d3N<\/strong><br \/>\nEn un documento elaborado por la Subsecretar\u00eda de Salud\u00a0P\u00fablica, en cuanto a prevenci\u00f3n del suicidio, sostienen que el comportamiento suicida \u201cconstituye un problema complejo, con m\u00faltiples causas interrelacionadas, siendo la enfermedad mental uno de los factores m\u00e1s importante que predispone al comportamiento suicida\u201d.<br \/>\nAdem\u00e1s, indican que las personas afectadas por enfermedades mentales presentan un riesgo de suicidio diez veces mayor que aquellas personas que no las sufren. Estos problemas mentales m\u00e1s a menudo asociados son la depresi\u00f3n y los trastornos bipolares, el abuso de drogas y alcohol y la es-<br \/>\nquizofrenia.<br \/>\nEn el caso de los adultos mayores, indican que en este mugo etar\u00edo realizan menos intentos, utilizan m\u00e9todos mortales, muestran menos se\u00f1ales de aviso y los actos suicidas son premeditados. Dentro de las conclusiones, se plantea la necesidad de establecer un trabajo intersectorial, el que permita detectar los factores de riesgo que pueden desencadenar en un evento suicida.<br \/>\nEjemplo de ello es el trabajo que realizan en el Centro In- negral Adulto Mayor Butapuche (que en mapudung\u00fan significa \u201cgente grande\u201d), el que depende de la Municipalidad de Puerto Montt y que est\u00e1 ubicado en la poblaci\u00f3n Antonio Varas.<br \/>\nEl programa, que el pr\u00f3ximo 27 de agosto cumple 11 a\u00f1os de labor, tiene como objetivo promover el \u201cenvejecimiento activo\u00bb, comenta su encaigada, la asistente social Maritza To-<br \/>\nrres. \u201cLa idea de este programa es fomentar la participaci\u00f3n de los adultos mayores\u201d, comenta, puesto que, a ra\u00edz de la baja natalidad hay cada vez m\u00e1s peleonas mayores, por lo que urge aumentar la \u201coferta program\u00e1tica. Ellos tienen que compartir con sus pares y deben saber que deben tener una vida despu\u00e9s de la jubilaci\u00f3n\u201d.<br \/>\nEn el Butapuche dividen su trabajo en dos \u00e1reas. Una tiene que ver con una vocaci\u00f3n asistencia!, donde se entrega ayuda social y apoyo psicosocial. Por ejemplo, se entregan pa\u00f1ales a adultos mayores postrados, cuyos casos son derivados desde centros de salud municipal de Puerto Montt.<br \/>\nY una segunda \u00e1rea tiene que ver con las opciones que ofrecen para que los adultos mayores participan de talleres culturales, actividades deportivas y de esparcimiento. Ejemplo de ello son los talleres de tango, cueca, pintura, tapicer\u00eda, lanigrafla, etc., todos talleres que son gratuitos para los interesados.<br \/>\nQuienes sientan deseos de participar pueden acercarse al centro, ubicado en Dalcahue s\/n (esquina Chacabuco), a un<br \/>\ncostado del Cesfam Antonio Varas. El tel\u00e9fono es el 65248 4047. La atenci\u00f3n es de lunes a viernes, entre las 9-13 horas y de 15 a 17 horas.<br \/>\nA nivel municipal, y de la gesti\u00f3n del alcalde Gervoy Paredes, existen otras instancias de apoyo a los mayores. Destaca, por ejemplo, el condominio de viviendas tuteladas, en Alerce, que se ubica al lado del Eleam (Establecimientos de Larga Estad\u00eda para Adultos Mayores) de la ciudad sat\u00e9lite.<br \/>\nSe trata de 20 viviendas gratuitas. En la misma oficina \u201cBu-tapuche\u201d se pueden conocer los requisitos para postular, donde el tr\u00e1mite se debe realizar ante el Senama.<br \/>\n<strong>GOBIERNO<\/strong><br \/>\nMauricio Aroca, quien es el coordinador regional del Servicio Nacional de Adultos Mayores (Senama), lament\u00f3 los \u00faltimos hechos conocidos a trav\u00e9s de la prensa, donde personas mayores en situaci\u00f3n de abandono se quitaron la vida.<br \/>\nSobre los datos del informe de la\u00a0<span class=\"highlight\">UDD<\/span>, coment\u00f3 que el suicidio no es s\u00f3lo el acto en s\u00ed mismo de quitarse la vida de forma dr\u00e1stica (&#8230;).<\/p>\n<p><a href=\"https:\/\/goo.gl\/biuThT\"><img loading=\"lazy\" decoding=\"async\" class=\"size-medium wp-image-3667 aligncenter\" src=\"http:\/\/gobierno.udd.cl\/cpp\/files\/2018\/08\/b021ed94ad5b155265b76e029b777c20-210x300.jpg\" alt=\"\" width=\"210\" height=\"300\" srcset=\"https:\/\/gobierno.udd.cl\/cpp\/files\/2018\/08\/b021ed94ad5b155265b76e029b777c20-210x300.jpg 210w, https:\/\/gobierno.udd.cl\/cpp\/files\/2018\/08\/b021ed94ad5b155265b76e029b777c20-768x1098.jpg 768w, https:\/\/gobierno.udd.cl\/cpp\/files\/2018\/08\/b021ed94ad5b155265b76e029b777c20-717x1024.jpg 717w, https:\/\/gobierno.udd.cl\/cpp\/files\/2018\/08\/b021ed94ad5b155265b76e029b777c20-672x960.jpg 672w, https:\/\/gobierno.udd.cl\/cpp\/files\/2018\/08\/b021ed94ad5b155265b76e029b777c20.jpg 1440w\" sizes=\"auto, (max-width: 210px) 100vw, 210px\" \/><\/a><\/p>\n<p><a href=\"https:\/\/goo.gl\/a3er3f\"><img loading=\"lazy\" decoding=\"async\" class=\"size-medium wp-image-3668 aligncenter\" src=\"http:\/\/gobierno.udd.cl\/cpp\/files\/2018\/08\/04d972aff979baa2186fd629cdaf0323-210x300.jpg\" alt=\"\" width=\"210\" height=\"300\" srcset=\"https:\/\/gobierno.udd.cl\/cpp\/files\/2018\/08\/04d972aff979baa2186fd629cdaf0323-210x300.jpg 210w, https:\/\/gobierno.udd.cl\/cpp\/files\/2018\/08\/04d972aff979baa2186fd629cdaf0323-768x1098.jpg 768w, https:\/\/gobierno.udd.cl\/cpp\/files\/2018\/08\/04d972aff979baa2186fd629cdaf0323-717x1024.jpg 717w, https:\/\/gobierno.udd.cl\/cpp\/files\/2018\/08\/04d972aff979baa2186fd629cdaf0323-672x960.jpg 672w, https:\/\/gobierno.udd.cl\/cpp\/files\/2018\/08\/04d972aff979baa2186fd629cdaf0323.jpg 1440w\" sizes=\"auto, (max-width: 210px) 100vw, 210px\" \/><\/a><\/p>\n","protected":false},"excerpt":{"rendered":"<p>Reporte de la U. del Desarrollo y Caja Los H\u00e9roes revel\u00f3 fen\u00f3meno. Abandono de familias y falta de redes de apoyo, entre factores que inducen decesos. Organizaciones piden ampliar oferta en centros de estad\u00eda diurno y talleres para los mayores de 60 a\u00f1os.<\/p>\n","protected":false},"author":22,"featured_media":893,"comment_status":"open","ping_status":"open","sticky":false,"template":"","format":"standard","meta":{"footnotes":""},"categories":[10162],"tags":[],"class_list":["post-3664","post","type-post","status-publish","format-standard","has-post-thumbnail","hentry","category-centro-en-la-prensa"],"featured_image_url":"https:\/\/gobierno.udd.cl\/cpp\/files\/2015\/05\/udd_cpp_prensa_340.png","_links":{"self":[{"href":"https:\/\/gobierno.udd.cl\/cpp\/wp-json\/wp\/v2\/posts\/3664","targetHints":{"allow":["GET"]}}],"collection":[{"href":"https:\/\/gobierno.udd.cl\/cpp\/wp-json\/wp\/v2\/posts"}],"about":[{"href":"https:\/\/gobierno.udd.cl\/cpp\/wp-json\/wp\/v2\/types\/post"}],"author":[{"embeddable":true,"href":"https:\/\/gobierno.udd.cl\/cpp\/wp-json\/wp\/v2\/users\/22"}],"replies":[{"embeddable":true,"href":"https:\/\/gobierno.udd.cl\/cpp\/wp-json\/wp\/v2\/comments?post=3664"}],"version-history":[{"count":3,"href":"https:\/\/gobierno.udd.cl\/cpp\/wp-json\/wp\/v2\/posts\/3664\/revisions"}],"predecessor-version":[{"id":3669,"href":"https:\/\/gobierno.udd.cl\/cpp\/wp-json\/wp\/v2\/posts\/3664\/revisions\/3669"}],"wp:featuredmedia":[{"embeddable":true,"href":"https:\/\/gobierno.udd.cl\/cpp\/wp-json\/wp\/v2\/media\/893"}],"wp:attachment":[{"href":"https:\/\/gobierno.udd.cl\/cpp\/wp-json\/wp\/v2\/media?parent=3664"}],"wp:term":[{"taxonomy":"category","embeddable":true,"href":"https:\/\/gobierno.udd.cl\/cpp\/wp-json\/wp\/v2\/categories?post=3664"},{"taxonomy":"post_tag","embeddable":true,"href":"https:\/\/gobierno.udd.cl\/cpp\/wp-json\/wp\/v2\/tags?post=3664"}],"curies":[{"name":"wp","href":"https:\/\/api.w.org\/{rel}","templated":true}]}}