{"id":3631,"date":"2018-08-03T17:55:21","date_gmt":"2018-08-03T21:55:21","guid":{"rendered":"http:\/\/gobierno.udd.cl\/cpp\/?p=3631"},"modified":"2018-08-03T17:55:21","modified_gmt":"2018-08-03T21:55:21","slug":"jose-de-la-cruz-garrido-expone-sobre-convivencia-escolar-en-el-liceo-bicentenario-de-lebu","status":"publish","type":"post","link":"https:\/\/gobierno.udd.cl\/cpp\/noticias\/2018\/08\/03\/jose-de-la-cruz-garrido-expone-sobre-convivencia-escolar-en-el-liceo-bicentenario-de-lebu\/","title":{"rendered":"Jos\u00e9 de la Cruz Garrido expone sobre convivencia escolar en el Liceo Bicentenario de Lebu"},"content":{"rendered":"<p style=\"text-align: justify;\"><a href=\"http:\/\/gobierno.udd.cl\/files\/2018\/08\/a7db6dbc-9a2c-4b79-9252-7af524c5409e.jpg\"><img loading=\"lazy\" decoding=\"async\" class=\"alignnone size-medium wp-image-19337\" src=\"http:\/\/gobierno.udd.cl\/files\/2018\/08\/a7db6dbc-9a2c-4b79-9252-7af524c5409e-225x300.jpg\" alt=\"\" width=\"225\" height=\"300\" \/><\/a><\/p>\n<p style=\"text-align: justify;\">Frente alrededor de 70 personas, que incluyeron apoderados, alumnas y alumnos, docentes y profesionales de la educaci\u00f3n de la comunidad escolar, el mi\u00e9rcoles 1 de agosto Jos\u00e9 de la Cruz Garrido expuso los resultados de una serie de investigaciones y trabajo de campo, relativas a violencia juvenil y sus implicancias para la convivencia escolar.<\/p>\n<p style=\"text-align: justify;\">En la presentaci\u00f3n Garrido introdujo los conceptos fuerza que orientan la pol\u00edtica de convivencia e inclusi\u00f3n que dirige el MINEDUC, haciendo hincapi\u00e9 en la situaci\u00f3n que viven muchos establecimientos educacionales que est\u00e1n en una situaci\u00f3n cr\u00edtica. En este contexto, mostr\u00f3 la importancia de contar con datos y expuso una serie de cuestiones metodol\u00f3gicas relativas a dimensi\u00f3n espacial y territorial en el estudio desde un enfoque ecol\u00f3gico y de salud p\u00fablica de los determinantes del ingreso de menores a pandillas en contextos de territorios bajo el dominio del narcotr\u00e1fico. Finalmente, cerr\u00f3 con un diagn\u00f3stico sobre los nudos cr\u00edticos que enfrenta el sistema en estos contextos.<\/p>\n<p style=\"text-align: justify;\">Al cierre de la exposici\u00f3n se abri\u00f3 una conversaci\u00f3n entre los participantes y el docente que esperan dar continuidad a futuras visitas y charlas del programa de formaci\u00f3n continua.<\/p>\n<p>&nbsp;<\/p>\n","protected":false},"excerpt":{"rendered":"<p>Frente alrededor de 70 personas, que incluyeron apoderados, alumnas y alumnos, docentes y profesionales de la educaci\u00f3n de la comunidad escolar, el mi\u00e9rcoles 1 de agosto Jos\u00e9 de la Cruz Garrido expuso los resultados de una serie de investigaciones y trabajo de campo, relativas a violencia juvenil y sus implicancias para la convivencia escolar. En [&hellip;]<\/p>\n","protected":false},"author":22,"featured_media":3632,"comment_status":"open","ping_status":"open","sticky":false,"template":"","format":"standard","meta":{"footnotes":""},"categories":[4],"tags":[],"class_list":["post-3631","post","type-post","status-publish","format-standard","has-post-thumbnail","hentry","category-noticias"],"featured_image_url":"https:\/\/gobierno.udd.cl\/cpp\/files\/2018\/08\/desrax.jpg","_links":{"self":[{"href":"https:\/\/gobierno.udd.cl\/cpp\/wp-json\/wp\/v2\/posts\/3631","targetHints":{"allow":["GET"]}}],"collection":[{"href":"https:\/\/gobierno.udd.cl\/cpp\/wp-json\/wp\/v2\/posts"}],"about":[{"href":"https:\/\/gobierno.udd.cl\/cpp\/wp-json\/wp\/v2\/types\/post"}],"author":[{"embeddable":true,"href":"https:\/\/gobierno.udd.cl\/cpp\/wp-json\/wp\/v2\/users\/22"}],"replies":[{"embeddable":true,"href":"https:\/\/gobierno.udd.cl\/cpp\/wp-json\/wp\/v2\/comments?post=3631"}],"version-history":[{"count":1,"href":"https:\/\/gobierno.udd.cl\/cpp\/wp-json\/wp\/v2\/posts\/3631\/revisions"}],"predecessor-version":[{"id":3633,"href":"https:\/\/gobierno.udd.cl\/cpp\/wp-json\/wp\/v2\/posts\/3631\/revisions\/3633"}],"wp:featuredmedia":[{"embeddable":true,"href":"https:\/\/gobierno.udd.cl\/cpp\/wp-json\/wp\/v2\/media\/3632"}],"wp:attachment":[{"href":"https:\/\/gobierno.udd.cl\/cpp\/wp-json\/wp\/v2\/media?parent=3631"}],"wp:term":[{"taxonomy":"category","embeddable":true,"href":"https:\/\/gobierno.udd.cl\/cpp\/wp-json\/wp\/v2\/categories?post=3631"},{"taxonomy":"post_tag","embeddable":true,"href":"https:\/\/gobierno.udd.cl\/cpp\/wp-json\/wp\/v2\/tags?post=3631"}],"curies":[{"name":"wp","href":"https:\/\/api.w.org\/{rel}","templated":true}]}}