{"id":3624,"date":"2018-07-28T21:31:52","date_gmt":"2018-07-29T01:31:52","guid":{"rendered":"http:\/\/gobierno.udd.cl\/cpp\/?p=3624"},"modified":"2018-07-28T21:31:52","modified_gmt":"2018-07-29T01:31:52","slug":"gobierno-eleva-proyeccion-de-crecimiento-pese-a-guerra-comercial-eeuu-china-tvu","status":"publish","type":"post","link":"https:\/\/gobierno.udd.cl\/cpp\/noticias\/2018\/07\/28\/gobierno-eleva-proyeccion-de-crecimiento-pese-a-guerra-comercial-eeuu-china-tvu\/","title":{"rendered":"Gobierno eleva proyecci\u00f3n de crecimiento pese a guerra comercial EEUU-China &#8211; TVU"},"content":{"rendered":"<p style=\"text-align: justify;\">Hacienda eleva proyecci\u00f3n del PIB a 3,8 por ciento , sorprendiendo por la etapa de turbulencia mundial debido a la guerra comercial de EEUU y China. Lesley Brice\u00f1o, doctora en Ciencias Pol\u00edticas y docente de la Universidad del Desarrollo comenta que las declaraciones del ministro son concordantes con que el cobre repunt\u00f3 estos d\u00edas su valor vinculado a la guerra comercial de estos dos pa\u00edses, adem\u00e1s que China posiblemente\u00a0 va a necesitar comprar en mayor cantidad esta materia prima.<\/p>\n<p style=\"text-align: justify;\">Habla:\u00a0\u00a0Lesley Brice\u00f1o, doctora en Ciencias Pol\u00edticas, docente de la Universidad del Desarrollo y\u00a0Pablo Mart\u00ednez, soci\u00f3logo, docente de la Universidad de Concepci\u00f3n.<\/p>\n<div style=\"width: 640px;\" class=\"wp-video\"><video class=\"wp-video-shortcode\" id=\"video-3624-1\" width=\"640\" height=\"360\" preload=\"metadata\" controls=\"controls\"><source type=\"video\/mp4\" src=\"http:\/\/conectamedia.s3.amazonaws.com\/7198f491534c485bde4d84ca0dfe8090_manual.mp4?_=1\" \/><a href=\"http:\/\/conectamedia.s3.amazonaws.com\/7198f491534c485bde4d84ca0dfe8090_manual.mp4\">http:\/\/conectamedia.s3.amazonaws.com\/7198f491534c485bde4d84ca0dfe8090_manual.mp4<\/a><\/video><\/div>\n","protected":false},"excerpt":{"rendered":"<p>Hacienda eleva proyecci\u00f3n del PIB a 3,8 por ciento , sorprendiendo por la etapa de turbulencia mundial debido a la guerra comercial de EEUU y China. Lesley Brice\u00f1o, doctora en Ciencias Pol\u00edticas y docente de la Universidad del Desarrollo comenta que las declaraciones del ministro son concordantes con que el cobre repunt\u00f3 estos d\u00edas su [&hellip;]<\/p>\n","protected":false},"author":22,"featured_media":893,"comment_status":"open","ping_status":"open","sticky":false,"template":"","format":"standard","meta":{"footnotes":""},"categories":[10162],"tags":[],"class_list":["post-3624","post","type-post","status-publish","format-standard","has-post-thumbnail","hentry","category-centro-en-la-prensa"],"featured_image_url":"https:\/\/gobierno.udd.cl\/cpp\/files\/2015\/05\/udd_cpp_prensa_340.png","_links":{"self":[{"href":"https:\/\/gobierno.udd.cl\/cpp\/wp-json\/wp\/v2\/posts\/3624","targetHints":{"allow":["GET"]}}],"collection":[{"href":"https:\/\/gobierno.udd.cl\/cpp\/wp-json\/wp\/v2\/posts"}],"about":[{"href":"https:\/\/gobierno.udd.cl\/cpp\/wp-json\/wp\/v2\/types\/post"}],"author":[{"embeddable":true,"href":"https:\/\/gobierno.udd.cl\/cpp\/wp-json\/wp\/v2\/users\/22"}],"replies":[{"embeddable":true,"href":"https:\/\/gobierno.udd.cl\/cpp\/wp-json\/wp\/v2\/comments?post=3624"}],"version-history":[{"count":1,"href":"https:\/\/gobierno.udd.cl\/cpp\/wp-json\/wp\/v2\/posts\/3624\/revisions"}],"predecessor-version":[{"id":3625,"href":"https:\/\/gobierno.udd.cl\/cpp\/wp-json\/wp\/v2\/posts\/3624\/revisions\/3625"}],"wp:featuredmedia":[{"embeddable":true,"href":"https:\/\/gobierno.udd.cl\/cpp\/wp-json\/wp\/v2\/media\/893"}],"wp:attachment":[{"href":"https:\/\/gobierno.udd.cl\/cpp\/wp-json\/wp\/v2\/media?parent=3624"}],"wp:term":[{"taxonomy":"category","embeddable":true,"href":"https:\/\/gobierno.udd.cl\/cpp\/wp-json\/wp\/v2\/categories?post=3624"},{"taxonomy":"post_tag","embeddable":true,"href":"https:\/\/gobierno.udd.cl\/cpp\/wp-json\/wp\/v2\/tags?post=3624"}],"curies":[{"name":"wp","href":"https:\/\/api.w.org\/{rel}","templated":true}]}}