{"id":3622,"date":"2018-07-28T21:30:28","date_gmt":"2018-07-29T01:30:28","guid":{"rendered":"http:\/\/gobierno.udd.cl\/cpp\/?p=3622"},"modified":"2018-07-28T21:30:28","modified_gmt":"2018-07-29T01:30:28","slug":"analista-internacional-udd-por-cumbre-entre-trump-y-putin-podria-ser-el-inicio-para-una-transformacion-de-la-configuracion-a-nivel-mundial-24-horas","status":"publish","type":"post","link":"https:\/\/gobierno.udd.cl\/cpp\/noticias\/2018\/07\/28\/analista-internacional-udd-por-cumbre-entre-trump-y-putin-podria-ser-el-inicio-para-una-transformacion-de-la-configuracion-a-nivel-mundial-24-horas\/","title":{"rendered":"Analista Internacional UDD por cumbre entre Trump y Putin: \u00abPodr\u00eda ser el inicio para una transformaci\u00f3n de la configuraci\u00f3n a nivel mundial\u00bb &#8211; 24 Horas"},"content":{"rendered":"<p style=\"text-align: justify;\">Guido Larson analiz\u00f3 las consecuencias que trae consigo la reuni\u00f3n entre el mandatario estadounidense y el ruso. Incluso, pol\u00edticos republicanos criticaron a Trump por considerar que no habr\u00eda defendido los intereses norteamericanos ni los servicios de seguridad propios de su pa\u00eds.<\/p>\n<p>Ver entrevista online: <a href=\"https:\/\/goo.gl\/o7h72B\">https:\/\/goo.gl\/o7h72B<\/a><\/p>\n","protected":false},"excerpt":{"rendered":"<p>Guido Larson analiz\u00f3 las consecuencias que trae consigo la reuni\u00f3n entre el mandatario estadounidense y el ruso. Incluso, pol\u00edticos republicanos criticaron a Trump por considerar que no habr\u00eda defendido los intereses norteamericanos ni los servicios de seguridad propios de su pa\u00eds. Ver entrevista online: https:\/\/goo.gl\/o7h72B<\/p>\n","protected":false},"author":22,"featured_media":893,"comment_status":"open","ping_status":"open","sticky":false,"template":"","format":"standard","meta":{"footnotes":""},"categories":[10162],"tags":[],"class_list":["post-3622","post","type-post","status-publish","format-standard","has-post-thumbnail","hentry","category-centro-en-la-prensa"],"featured_image_url":"https:\/\/gobierno.udd.cl\/cpp\/files\/2015\/05\/udd_cpp_prensa_340.png","_links":{"self":[{"href":"https:\/\/gobierno.udd.cl\/cpp\/wp-json\/wp\/v2\/posts\/3622","targetHints":{"allow":["GET"]}}],"collection":[{"href":"https:\/\/gobierno.udd.cl\/cpp\/wp-json\/wp\/v2\/posts"}],"about":[{"href":"https:\/\/gobierno.udd.cl\/cpp\/wp-json\/wp\/v2\/types\/post"}],"author":[{"embeddable":true,"href":"https:\/\/gobierno.udd.cl\/cpp\/wp-json\/wp\/v2\/users\/22"}],"replies":[{"embeddable":true,"href":"https:\/\/gobierno.udd.cl\/cpp\/wp-json\/wp\/v2\/comments?post=3622"}],"version-history":[{"count":1,"href":"https:\/\/gobierno.udd.cl\/cpp\/wp-json\/wp\/v2\/posts\/3622\/revisions"}],"predecessor-version":[{"id":3623,"href":"https:\/\/gobierno.udd.cl\/cpp\/wp-json\/wp\/v2\/posts\/3622\/revisions\/3623"}],"wp:featuredmedia":[{"embeddable":true,"href":"https:\/\/gobierno.udd.cl\/cpp\/wp-json\/wp\/v2\/media\/893"}],"wp:attachment":[{"href":"https:\/\/gobierno.udd.cl\/cpp\/wp-json\/wp\/v2\/media?parent=3622"}],"wp:term":[{"taxonomy":"category","embeddable":true,"href":"https:\/\/gobierno.udd.cl\/cpp\/wp-json\/wp\/v2\/categories?post=3622"},{"taxonomy":"post_tag","embeddable":true,"href":"https:\/\/gobierno.udd.cl\/cpp\/wp-json\/wp\/v2\/tags?post=3622"}],"curies":[{"name":"wp","href":"https:\/\/api.w.org\/{rel}","templated":true}]}}