{"id":3619,"date":"2018-07-28T21:28:12","date_gmt":"2018-07-29T01:28:12","guid":{"rendered":"http:\/\/gobierno.udd.cl\/cpp\/?p=3619"},"modified":"2018-07-28T21:28:12","modified_gmt":"2018-07-29T01:28:12","slug":"las-dudas-que-dejan-las-150-propuestas-contra-la-delincuencia-tvu","status":"publish","type":"post","link":"https:\/\/gobierno.udd.cl\/cpp\/noticias\/2018\/07\/28\/las-dudas-que-dejan-las-150-propuestas-contra-la-delincuencia-tvu\/","title":{"rendered":"Las dudas que dejan las 150 propuestas contra la delincuencia &#8211; TVU"},"content":{"rendered":"<p style=\"text-align: justify;\">En el an\u00e1lisis nos acompa\u00f1an Lesley Brice\u00f1o, doctora en Ciencias Pol\u00edticas, docente de la Universidad del Desarrollo; y Gilberto Morales, jefe de la carrera de Periodismo de la Universidad de Concepci\u00f3n.<\/p>\n<p><iframe loading=\"lazy\" src=\"https:\/\/rudo.video\/vod\/b40TZj6n3S\" width=\"600\" height=\"338\" allowfullscreen=\"allowfullscreen\"><\/iframe><\/p>\n","protected":false},"excerpt":{"rendered":"<p>En el an\u00e1lisis nos acompa\u00f1an Lesley Brice\u00f1o, doctora en Ciencias Pol\u00edticas, docente de la Universidad del Desarrollo; y Gilberto Morales, jefe de la carrera de Periodismo de la Universidad de Concepci\u00f3n.<\/p>\n","protected":false},"author":22,"featured_media":893,"comment_status":"open","ping_status":"open","sticky":false,"template":"","format":"standard","meta":{"footnotes":""},"categories":[10162],"tags":[],"class_list":["post-3619","post","type-post","status-publish","format-standard","has-post-thumbnail","hentry","category-centro-en-la-prensa"],"featured_image_url":"https:\/\/gobierno.udd.cl\/cpp\/files\/2015\/05\/udd_cpp_prensa_340.png","_links":{"self":[{"href":"https:\/\/gobierno.udd.cl\/cpp\/wp-json\/wp\/v2\/posts\/3619","targetHints":{"allow":["GET"]}}],"collection":[{"href":"https:\/\/gobierno.udd.cl\/cpp\/wp-json\/wp\/v2\/posts"}],"about":[{"href":"https:\/\/gobierno.udd.cl\/cpp\/wp-json\/wp\/v2\/types\/post"}],"author":[{"embeddable":true,"href":"https:\/\/gobierno.udd.cl\/cpp\/wp-json\/wp\/v2\/users\/22"}],"replies":[{"embeddable":true,"href":"https:\/\/gobierno.udd.cl\/cpp\/wp-json\/wp\/v2\/comments?post=3619"}],"version-history":[{"count":2,"href":"https:\/\/gobierno.udd.cl\/cpp\/wp-json\/wp\/v2\/posts\/3619\/revisions"}],"predecessor-version":[{"id":3621,"href":"https:\/\/gobierno.udd.cl\/cpp\/wp-json\/wp\/v2\/posts\/3619\/revisions\/3621"}],"wp:featuredmedia":[{"embeddable":true,"href":"https:\/\/gobierno.udd.cl\/cpp\/wp-json\/wp\/v2\/media\/893"}],"wp:attachment":[{"href":"https:\/\/gobierno.udd.cl\/cpp\/wp-json\/wp\/v2\/media?parent=3619"}],"wp:term":[{"taxonomy":"category","embeddable":true,"href":"https:\/\/gobierno.udd.cl\/cpp\/wp-json\/wp\/v2\/categories?post=3619"},{"taxonomy":"post_tag","embeddable":true,"href":"https:\/\/gobierno.udd.cl\/cpp\/wp-json\/wp\/v2\/tags?post=3619"}],"curies":[{"name":"wp","href":"https:\/\/api.w.org\/{rel}","templated":true}]}}