{"id":3611,"date":"2018-07-13T20:44:25","date_gmt":"2018-07-14T00:44:25","guid":{"rendered":"http:\/\/gobierno.udd.cl\/cpp\/?p=3611"},"modified":"2018-07-13T20:44:25","modified_gmt":"2018-07-14T00:44:25","slug":"tc-da-luz-verde-a-ley-que-prohibe-la-entrega-de-bolsas-radio-uchile","status":"publish","type":"post","link":"https:\/\/gobierno.udd.cl\/cpp\/noticias\/2018\/07\/13\/tc-da-luz-verde-a-ley-que-prohibe-la-entrega-de-bolsas-radio-uchile\/","title":{"rendered":"TC da luz verde a ley que proh\u00edbe la entrega de bolsas &#8211; Radio UChile"},"content":{"rendered":"<p style=\"text-align: justify;\">Este martes el Tribunal Constitucional vis\u00f3 el proyecto de ley que proh\u00edbe la entrega de bolsas pl\u00e1sticas\u00a0en el comercio de todo el pa\u00eds.<b><\/b><\/p>\n<p><b>Habla:<\/b><br \/>\nMar\u00eda Jos\u00e9 Herrera, investigadora Centro Pol\u00edticas P\u00fablicas\u00a0<span class=\"highlight\">UDD<\/span><\/p>\n<p><b>Menci\u00f3n:<\/b><\/p>\n<div style=\"text-align: justify;\"><span class=\"highlight\">Universidad<\/span>\u00a0<span class=\"highlight\">del<\/span>\u00a0<span class=\"highlight\">Desarrollo.<\/span><\/div>\n<div><\/div>\n<div>\n<audio class=\"wp-audio-shortcode\" id=\"audio-3611-1\" preload=\"none\" style=\"width: 100%;\" controls=\"controls\"><source type=\"audio\/mpeg\" src=\"http:\/\/conectamedia.s3.amazonaws.com\/7201a98daffd778c621cf3e9b8ed545d.mp3?_=1\" \/><a href=\"http:\/\/conectamedia.s3.amazonaws.com\/7201a98daffd778c621cf3e9b8ed545d.mp3\">http:\/\/conectamedia.s3.amazonaws.com\/7201a98daffd778c621cf3e9b8ed545d.mp3<\/a><\/audio>\n<\/div>\n","protected":false},"excerpt":{"rendered":"<p>Este martes el Tribunal Constitucional vis\u00f3 el proyecto de ley que proh\u00edbe la entrega de bolsas pl\u00e1sticas\u00a0en el comercio de todo el pa\u00eds. Habla: Mar\u00eda Jos\u00e9 Herrera, investigadora Centro Pol\u00edticas P\u00fablicas\u00a0UDD Menci\u00f3n: Universidad\u00a0del\u00a0Desarrollo.<\/p>\n","protected":false},"author":22,"featured_media":893,"comment_status":"open","ping_status":"open","sticky":false,"template":"","format":"standard","meta":{"footnotes":""},"categories":[10162],"tags":[],"class_list":["post-3611","post","type-post","status-publish","format-standard","has-post-thumbnail","hentry","category-centro-en-la-prensa"],"featured_image_url":"https:\/\/gobierno.udd.cl\/cpp\/files\/2015\/05\/udd_cpp_prensa_340.png","_links":{"self":[{"href":"https:\/\/gobierno.udd.cl\/cpp\/wp-json\/wp\/v2\/posts\/3611","targetHints":{"allow":["GET"]}}],"collection":[{"href":"https:\/\/gobierno.udd.cl\/cpp\/wp-json\/wp\/v2\/posts"}],"about":[{"href":"https:\/\/gobierno.udd.cl\/cpp\/wp-json\/wp\/v2\/types\/post"}],"author":[{"embeddable":true,"href":"https:\/\/gobierno.udd.cl\/cpp\/wp-json\/wp\/v2\/users\/22"}],"replies":[{"embeddable":true,"href":"https:\/\/gobierno.udd.cl\/cpp\/wp-json\/wp\/v2\/comments?post=3611"}],"version-history":[{"count":1,"href":"https:\/\/gobierno.udd.cl\/cpp\/wp-json\/wp\/v2\/posts\/3611\/revisions"}],"predecessor-version":[{"id":3612,"href":"https:\/\/gobierno.udd.cl\/cpp\/wp-json\/wp\/v2\/posts\/3611\/revisions\/3612"}],"wp:featuredmedia":[{"embeddable":true,"href":"https:\/\/gobierno.udd.cl\/cpp\/wp-json\/wp\/v2\/media\/893"}],"wp:attachment":[{"href":"https:\/\/gobierno.udd.cl\/cpp\/wp-json\/wp\/v2\/media?parent=3611"}],"wp:term":[{"taxonomy":"category","embeddable":true,"href":"https:\/\/gobierno.udd.cl\/cpp\/wp-json\/wp\/v2\/categories?post=3611"},{"taxonomy":"post_tag","embeddable":true,"href":"https:\/\/gobierno.udd.cl\/cpp\/wp-json\/wp\/v2\/tags?post=3611"}],"curies":[{"name":"wp","href":"https:\/\/api.w.org\/{rel}","templated":true}]}}