{"id":3605,"date":"2018-07-13T20:38:06","date_gmt":"2018-07-14T00:38:06","guid":{"rendered":"http:\/\/gobierno.udd.cl\/cpp\/?p=3605"},"modified":"2018-07-13T20:38:06","modified_gmt":"2018-07-14T00:38:06","slug":"gabinete-de-pinera-corte-en-tramite-el-mostrador","status":"publish","type":"post","link":"https:\/\/gobierno.udd.cl\/cpp\/noticias\/2018\/07\/13\/gabinete-de-pinera-corte-en-tramite-el-mostrador\/","title":{"rendered":"Gabinete de Pi\u00f1era: \u00bfCorte en Tr\u00e1mite? &#8211; El Mostrador"},"content":{"rendered":"<div class=\"col-md-6\">\n<p style=\"text-align: justify;\">El reciente estudio publicado por el Panel Ciudadano de la\u00a0<span class=\"highlight\">UDD<\/span>, nos muestra dos datos muy elocuentes: el 46,5% de los encuestados declara no conocer a los ministros del gabinete de Pi\u00f1era y s\u00f3lo 17% expresa su opini\u00f3n favorable por alguno de ellos, siendo Andr\u00e9s Chadwick, quien obtiene m\u00e1s menciones, con 3,6%.<br \/>\nReci\u00e9n cumplidos 100 d\u00edas desde que asumi\u00f3 por segunda vez el gobierno, la derecha en La Moneda se enfrenta a una interesante discusi\u00f3n: estos resultados muestran que no existen ministros que puedan perfilarse p\u00fablicamente como liderazgos v\u00e1lidos desde sus \u00e1reas aunque tengan el espacio libre, y a la vez expresan la incapacidad comunicacional de \u00e9stos (m\u00e1s all\u00e1 de sus perfiles t\u00e9cnicos) lo que ha permitido a la oposici\u00f3n levantar una agenda centrada en la sequ\u00eda legislativa del gobierno. La sensaci\u00f3n es que a todas luces no hay una respuesta certera a estas inquietudes.<br \/>\nLa exitosa estrategia comunicacional de blindar al Presidente y exponerlo lo menos posible a la contingencia, aun a pesar suyo, requiere de un andamiaje de vocer\u00edas pol\u00edticas y t\u00e9cnicas desplegadas que permitan detener los embates de la opini\u00f3n p\u00fablica antes de que \u00e9stos lleguen a Pi\u00f1era. Si bien Andr\u00e9s Chadwick y Cecilia P\u00e9rez manejan el c\u00f3digo y transmiten y refuerzan la l\u00ednea pol\u00edtica del gobierno en sus vocer\u00edas, los ministros sectoriales se han visto en general muy poco eficaces en la comunicaci\u00f3n, cayendo de forma reiterada en salidas de libreto, declaraciones confusas o derechamente en errores que han terminado en interpelaciones, acusaciones constitucionales y rectificaciones p\u00fablicas de parte del mismo Presidente. Los ejemplos son muchos y se ha escrito profusamente sobre ellos. El resultado es que todos los estudios muestran un desacople entre la aprobaci\u00f3n presidencial y el apoyo al gabinete.<br \/>\nLa excepci\u00f3n entre los ministros sectoriales ha sido Isabel Pl\u00e1, quien ha demostrado olfato y buen manejo comunicacional para perfilarse en las discusiones sobre la equidad de g\u00e9nero, llamando la atenci\u00f3n a un senador e instalando una agenda de medidas que sin duda no estaban en el programa de Pi\u00f1era, o al menos no eran su prioridad. Todo ello, sin embargo, no por impulso ni convicci\u00f3n propia, sino m\u00e1s bien como respuesta a la ola feminista impulsada por las estudiantes, que cuenta con gran apoyo de la ciudadan\u00eda.<br \/>\nLa excepci\u00f3n entre los ministros sectoriales ha sido Isabel Pl\u00e1, quien ha demostrado olfato y buen manejo comunicacional para perfilarse en las discusiones sobre la equidad de g\u00e9nero, llamando la atenci\u00f3n a un senador e instalando una agenda de medidas que sin duda no estaban en el programa de Pi\u00f1era, o al menos no eran su prioridad. Todo ello, sin embargo, no por impulso ni convicci\u00f3n propia, sino m\u00e1s bien como respuesta a la ola feminista impulsada por las estudiantes, que cuenta con gran apoyo de la ciudadan\u00eda.<br \/>\nAs\u00ed las cosas, y considerando que para lograr el objetivo pol\u00edtico del gobierno de entregar el mando a uno de los suyos en 2022 no s\u00f3lo basta hacer un buen gobierno, un gabinete d\u00e9bil en la percepci\u00f3n ciudadana se puede transformar en un lastre para dicho norte. Por ello, tal como las cuentas de servicios que advierten la acumulaci\u00f3n de deudas, ya se escuchan por los pasillos del gobierno los rumores de un cambio de gabinete, que si bien ser\u00e1 acotado, buscar\u00e1 fortalecer aquellas \u00e1reas sectoriales que evidentemente han estado en falta, y servir\u00e1 como una clara advertencia para aquellos que a\u00fan no comprenden su rol en la estrategia pol\u00edtica de Pi\u00f1era. Un corte en tr\u00e1mite.<\/p>\n<p><a href=\"http:\/\/gobierno.udd.cl\/cpp\/files\/2018\/07\/76d7e0b481152cba9db71efdc84f17e9.jpg\"><img loading=\"lazy\" decoding=\"async\" class=\"size-medium wp-image-3606 aligncenter\" src=\"http:\/\/gobierno.udd.cl\/cpp\/files\/2018\/07\/76d7e0b481152cba9db71efdc84f17e9-74x300.jpg\" alt=\"\" width=\"74\" height=\"300\" srcset=\"https:\/\/gobierno.udd.cl\/cpp\/files\/2018\/07\/76d7e0b481152cba9db71efdc84f17e9-74x300.jpg 74w, https:\/\/gobierno.udd.cl\/cpp\/files\/2018\/07\/76d7e0b481152cba9db71efdc84f17e9-768x3104.jpg 768w, https:\/\/gobierno.udd.cl\/cpp\/files\/2018\/07\/76d7e0b481152cba9db71efdc84f17e9-253x1024.jpg 253w, https:\/\/gobierno.udd.cl\/cpp\/files\/2018\/07\/76d7e0b481152cba9db71efdc84f17e9-237x960.jpg 237w, https:\/\/gobierno.udd.cl\/cpp\/files\/2018\/07\/76d7e0b481152cba9db71efdc84f17e9.jpg 1400w\" sizes=\"auto, (max-width: 74px) 100vw, 74px\" \/><\/a><\/p>\n<\/div>\n","protected":false},"excerpt":{"rendered":"<p>El reciente estudio publicado por el Panel Ciudadano de la\u00a0UDD, nos muestra dos datos muy elocuentes: el 46,5% de los encuestados declara no conocer a los ministros del gabinete de Pi\u00f1era y s\u00f3lo 17% expresa su opini\u00f3n favorable por alguno de ellos, siendo Andr\u00e9s Chadwick, quien obtiene m\u00e1s menciones, con 3,6%. Reci\u00e9n cumplidos 100 d\u00edas [&hellip;]<\/p>\n","protected":false},"author":22,"featured_media":893,"comment_status":"open","ping_status":"open","sticky":false,"template":"","format":"standard","meta":{"footnotes":""},"categories":[10162],"tags":[],"class_list":["post-3605","post","type-post","status-publish","format-standard","has-post-thumbnail","hentry","category-centro-en-la-prensa"],"featured_image_url":"https:\/\/gobierno.udd.cl\/cpp\/files\/2015\/05\/udd_cpp_prensa_340.png","_links":{"self":[{"href":"https:\/\/gobierno.udd.cl\/cpp\/wp-json\/wp\/v2\/posts\/3605","targetHints":{"allow":["GET"]}}],"collection":[{"href":"https:\/\/gobierno.udd.cl\/cpp\/wp-json\/wp\/v2\/posts"}],"about":[{"href":"https:\/\/gobierno.udd.cl\/cpp\/wp-json\/wp\/v2\/types\/post"}],"author":[{"embeddable":true,"href":"https:\/\/gobierno.udd.cl\/cpp\/wp-json\/wp\/v2\/users\/22"}],"replies":[{"embeddable":true,"href":"https:\/\/gobierno.udd.cl\/cpp\/wp-json\/wp\/v2\/comments?post=3605"}],"version-history":[{"count":1,"href":"https:\/\/gobierno.udd.cl\/cpp\/wp-json\/wp\/v2\/posts\/3605\/revisions"}],"predecessor-version":[{"id":3607,"href":"https:\/\/gobierno.udd.cl\/cpp\/wp-json\/wp\/v2\/posts\/3605\/revisions\/3607"}],"wp:featuredmedia":[{"embeddable":true,"href":"https:\/\/gobierno.udd.cl\/cpp\/wp-json\/wp\/v2\/media\/893"}],"wp:attachment":[{"href":"https:\/\/gobierno.udd.cl\/cpp\/wp-json\/wp\/v2\/media?parent=3605"}],"wp:term":[{"taxonomy":"category","embeddable":true,"href":"https:\/\/gobierno.udd.cl\/cpp\/wp-json\/wp\/v2\/categories?post=3605"},{"taxonomy":"post_tag","embeddable":true,"href":"https:\/\/gobierno.udd.cl\/cpp\/wp-json\/wp\/v2\/tags?post=3605"}],"curies":[{"name":"wp","href":"https:\/\/api.w.org\/{rel}","templated":true}]}}