{"id":3587,"date":"2018-05-03T00:32:08","date_gmt":"2018-05-03T03:32:08","guid":{"rendered":"http:\/\/gobierno.udd.cl\/cpp\/?p=3587"},"modified":"2018-06-28T00:33:26","modified_gmt":"2018-06-28T04:33:26","slug":"lanzamiento-del-libro-manuel-rodriguez-aun-tenemos-patria-de-soledad-reyes","status":"publish","type":"post","link":"https:\/\/gobierno.udd.cl\/cpp\/noticias\/2018\/05\/03\/lanzamiento-del-libro-manuel-rodriguez-aun-tenemos-patria-de-soledad-reyes\/","title":{"rendered":"Lanzamiento del libro \u00abManuel Rodr\u00edguez, a\u00fan tenemos patria\u201d de Soledad Reyes"},"content":{"rendered":"<p style=\"text-align: justify;\"><a href=\"http:\/\/gobierno.udd.cl\/cpp\/files\/2018\/06\/invitaci\u00f3n-mailing-202x300.jpg\" rel=\"attachment wp-att-3588\"><img loading=\"lazy\" decoding=\"async\" class=\"size-medium wp-image-3588 aligncenter\" src=\"http:\/\/gobierno.udd.cl\/cpp\/files\/2018\/06\/invitaci\u00f3n-mailing-202x300-202x300.jpg\" alt=\"invitaci\u00f3n-mailing-202x300\" width=\"202\" height=\"300\" \/><\/a><\/p>\n<p style=\"text-align: justify;\">La Facultad de Gobierno de la Universidad del Desarrollo y Ediciones El Mercurio invitan al lanzamiento del libro \u201cManuel Rodr\u00edguez, a\u00fan tenemos Patria\u201d de Soledad Reyes Del Villar, historiadora e investigadora del Centro de Pol\u00edticas P\u00fablicas UDD.<\/p>\n<p style=\"text-align: justify;\">El evento tendr\u00e1 lugar el jueves 17 de mayo, desde las 19:30 hasta las 21:00 horas, en el Z\u00f3calo del Edificio de Postgrado del campus RESB de la Universidad del Desarrollo.<\/p>\n<p style=\"text-align: justify;\">En la ocasi\u00f3n, Juan Eduardo Vargas, historiador y miembro de la Academia Chilena de la Historia, Francisco Vidal, ex ministro, y Alfredo Sep\u00falveda, periodista, presentaran la obra. El encuentro, adem\u00e1s de la presencia de la autora, contar\u00e1 con la participaci\u00f3n de Eugenio Guzm\u00e1n, Decano de la Facultad de Gobierno, y Cristi\u00e1n Zegers, Director del diario El Mercurio. Se ofrecer\u00e1 un c\u00f3ctel despu\u00e9s del conversatorio.<\/p>\n","protected":false},"excerpt":{"rendered":"<p>La Facultad de Gobierno de la Universidad del Desarrollo y Ediciones El Mercurio invitan al lanzamiento del libro \u201cManuel Rodr\u00edguez, a\u00fan tenemos Patria\u201d de Soledad Reyes Del Villar, historiadora e investigadora del Centro de Pol\u00edticas P\u00fablicas UDD.<\/p>\n","protected":false},"author":22,"featured_media":3590,"comment_status":"open","ping_status":"open","sticky":false,"template":"","format":"standard","meta":{"footnotes":""},"categories":[4],"tags":[],"class_list":["post-3587","post","type-post","status-publish","format-standard","has-post-thumbnail","hentry","category-noticias"],"featured_image_url":"https:\/\/gobierno.udd.cl\/cpp\/files\/2018\/06\/MANUELR-DESTACADA-340x220.jpg","_links":{"self":[{"href":"https:\/\/gobierno.udd.cl\/cpp\/wp-json\/wp\/v2\/posts\/3587","targetHints":{"allow":["GET"]}}],"collection":[{"href":"https:\/\/gobierno.udd.cl\/cpp\/wp-json\/wp\/v2\/posts"}],"about":[{"href":"https:\/\/gobierno.udd.cl\/cpp\/wp-json\/wp\/v2\/types\/post"}],"author":[{"embeddable":true,"href":"https:\/\/gobierno.udd.cl\/cpp\/wp-json\/wp\/v2\/users\/22"}],"replies":[{"embeddable":true,"href":"https:\/\/gobierno.udd.cl\/cpp\/wp-json\/wp\/v2\/comments?post=3587"}],"version-history":[{"count":1,"href":"https:\/\/gobierno.udd.cl\/cpp\/wp-json\/wp\/v2\/posts\/3587\/revisions"}],"predecessor-version":[{"id":3589,"href":"https:\/\/gobierno.udd.cl\/cpp\/wp-json\/wp\/v2\/posts\/3587\/revisions\/3589"}],"wp:featuredmedia":[{"embeddable":true,"href":"https:\/\/gobierno.udd.cl\/cpp\/wp-json\/wp\/v2\/media\/3590"}],"wp:attachment":[{"href":"https:\/\/gobierno.udd.cl\/cpp\/wp-json\/wp\/v2\/media?parent=3587"}],"wp:term":[{"taxonomy":"category","embeddable":true,"href":"https:\/\/gobierno.udd.cl\/cpp\/wp-json\/wp\/v2\/categories?post=3587"},{"taxonomy":"post_tag","embeddable":true,"href":"https:\/\/gobierno.udd.cl\/cpp\/wp-json\/wp\/v2\/tags?post=3587"}],"curies":[{"name":"wp","href":"https:\/\/api.w.org\/{rel}","templated":true}]}}