{"id":3560,"date":"2018-06-05T00:26:22","date_gmt":"2018-06-05T04:26:22","guid":{"rendered":"http:\/\/gobierno.udd.cl\/cpp\/?p=3560"},"modified":"2018-06-28T00:28:58","modified_gmt":"2018-06-28T04:28:58","slug":"seminario-chile-laboratorio-politico","status":"publish","type":"post","link":"https:\/\/gobierno.udd.cl\/cpp\/noticias\/2018\/06\/05\/seminario-chile-laboratorio-politico\/","title":{"rendered":"Seminario \u00abChile: Laboratorio Pol\u00edtico\u00bb"},"content":{"rendered":"<div id=\"gallery-1\" class=\"carousel slide carousel-gallery\" data-ride=\"false\" data-interval=\"false\"><div class=\"carousel-inner\" role=\"listbox\"><figure class=\"carousel-item active\"><img loading=\"lazy\" decoding=\"async\" width=\"660\" height=\"430\" src=\"https:\/\/gobierno.udd.cl\/cpp\/files\/2018\/06\/DeoqqPkXkAIZbw2-660x430-1.jpg\" class=\"attachment-landscape_952 size-landscape_952 lazyload\" alt=\"\" sizes=\"auto, (max-width: 660px) 100vw, 660px\" data-src=\"https:\/\/gobierno.udd.cl\/cpp\/files\/2018\/06\/DeoqqPkXkAIZbw2-660x430-1.jpg\" data-srcset=\"https:\/\/gobierno.udd.cl\/cpp\/files\/2018\/06\/DeoqqPkXkAIZbw2-660x430-1.jpg 660w, https:\/\/gobierno.udd.cl\/cpp\/files\/2018\/06\/DeoqqPkXkAIZbw2-660x430-1-300x195.jpg 300w, https:\/\/gobierno.udd.cl\/cpp\/files\/2018\/06\/DeoqqPkXkAIZbw2-660x430-1-125x80.jpg 125w\" \/><\/figure><figure class=\"carousel-item\"><img loading=\"lazy\" decoding=\"async\" width=\"660\" height=\"430\" src=\"https:\/\/gobierno.udd.cl\/cpp\/files\/2018\/06\/DeoqqPjXUAIUW8T-660x430-1.jpg\" class=\"attachment-landscape_952 size-landscape_952 lazyload\" alt=\"\" sizes=\"auto, (max-width: 660px) 100vw, 660px\" data-src=\"https:\/\/gobierno.udd.cl\/cpp\/files\/2018\/06\/DeoqqPjXUAIUW8T-660x430-1.jpg\" data-srcset=\"https:\/\/gobierno.udd.cl\/cpp\/files\/2018\/06\/DeoqqPjXUAIUW8T-660x430-1.jpg 660w, https:\/\/gobierno.udd.cl\/cpp\/files\/2018\/06\/DeoqqPjXUAIUW8T-660x430-1-300x195.jpg 300w, https:\/\/gobierno.udd.cl\/cpp\/files\/2018\/06\/DeoqqPjXUAIUW8T-660x430-1-125x80.jpg 125w\" \/><\/figure><figure class=\"carousel-item\"><img loading=\"lazy\" decoding=\"async\" width=\"660\" height=\"430\" src=\"https:\/\/gobierno.udd.cl\/cpp\/files\/2018\/06\/DeiiNDYWkAEhDFh-660x430-1.jpg\" class=\"attachment-landscape_952 size-landscape_952 lazyload\" alt=\"\" sizes=\"auto, (max-width: 660px) 100vw, 660px\" data-src=\"https:\/\/gobierno.udd.cl\/cpp\/files\/2018\/06\/DeiiNDYWkAEhDFh-660x430-1.jpg\" data-srcset=\"https:\/\/gobierno.udd.cl\/cpp\/files\/2018\/06\/DeiiNDYWkAEhDFh-660x430-1.jpg 660w, https:\/\/gobierno.udd.cl\/cpp\/files\/2018\/06\/DeiiNDYWkAEhDFh-660x430-1-300x195.jpg 300w, https:\/\/gobierno.udd.cl\/cpp\/files\/2018\/06\/DeiiNDYWkAEhDFh-660x430-1-125x80.jpg 125w\" \/><\/figure><figure class=\"carousel-item\"><img loading=\"lazy\" decoding=\"async\" width=\"660\" height=\"430\" src=\"https:\/\/gobierno.udd.cl\/cpp\/files\/2018\/06\/DeibDlgWsAEZdGp-660x430-1.jpg\" class=\"attachment-landscape_952 size-landscape_952 lazyload\" alt=\"\" sizes=\"auto, (max-width: 660px) 100vw, 660px\" data-src=\"https:\/\/gobierno.udd.cl\/cpp\/files\/2018\/06\/DeibDlgWsAEZdGp-660x430-1.jpg\" data-srcset=\"https:\/\/gobierno.udd.cl\/cpp\/files\/2018\/06\/DeibDlgWsAEZdGp-660x430-1.jpg 660w, https:\/\/gobierno.udd.cl\/cpp\/files\/2018\/06\/DeibDlgWsAEZdGp-660x430-1-300x195.jpg 300w, https:\/\/gobierno.udd.cl\/cpp\/files\/2018\/06\/DeibDlgWsAEZdGp-660x430-1-125x80.jpg 125w\" \/><\/figure><figure class=\"carousel-item\"><img loading=\"lazy\" decoding=\"async\" width=\"660\" height=\"430\" src=\"https:\/\/gobierno.udd.cl\/cpp\/files\/2018\/06\/DeiaF9SXUAAYGRW-660x430-1.jpg\" class=\"attachment-landscape_952 size-landscape_952 lazyload\" alt=\"\" sizes=\"auto, (max-width: 660px) 100vw, 660px\" data-src=\"https:\/\/gobierno.udd.cl\/cpp\/files\/2018\/06\/DeiaF9SXUAAYGRW-660x430-1.jpg\" data-srcset=\"https:\/\/gobierno.udd.cl\/cpp\/files\/2018\/06\/DeiaF9SXUAAYGRW-660x430-1.jpg 660w, https:\/\/gobierno.udd.cl\/cpp\/files\/2018\/06\/DeiaF9SXUAAYGRW-660x430-1-300x195.jpg 300w, https:\/\/gobierno.udd.cl\/cpp\/files\/2018\/06\/DeiaF9SXUAAYGRW-660x430-1-125x80.jpg 125w\" \/><\/figure><\/div><footer class=\"carousel-footer\"><div class=\"carousel-counter\"><span class=\"carousel-counter-current\"><\/span> \/ <span class=\"carousel-counter-total\"><\/span><\/div><a class=\"carousel-control-prev\" href=\"#gallery-1\" role=\"button\" data-slide=\"prev\"><svg aria-hidden=\"true\" class=\"svg-chevron-left-dims\"><use xlink:href='https:\/\/gobierno.udd.cl\/cpp\/wp-content\/themes\/facultades-2018\/assets\/img\/svg\/dist\/main.svg?version=1695853099#chevron-left'><\/use><\/svg><span class=\"sr-only\">Anterior<\/span><\/a><a class=\"carousel-control-next\" href=\"#gallery-1\" role=\"button\" data-slide=\"next\"><svg aria-hidden=\"true\" class=\"svg-chevron-right-dims\"><use xlink:href='https:\/\/gobierno.udd.cl\/cpp\/wp-content\/themes\/facultades-2018\/assets\/img\/svg\/dist\/main.svg?version=1695853099#chevron-right'><\/use><\/svg><span class=\"sr-only\">Siguiente<\/span><\/a><\/footer><\/div>\n<p style=\"text-align: justify;\">En la ocasi\u00f3n expusieron en el primer panel B\u00e1rbara Brice\u00f1o, cientista y analista pol\u00edtica, conductora de programas de Radio El Conquistador, Gloria de la Fuente, Directora Ejecutiva de la Fundaci\u00f3n Chile 21, y Gonzalo M\u00fcller, Director del Centro de Pol\u00edticas P\u00fablicas UDD, moderado por Juan Manuel Astorga, Jefe de Prensa de Mega. En el segundo panel, expusieron Marcela R\u00edos, Oficial de Programa de Gobernabilidad del Programa de Naciones Unidas para el Desarrollo en Chile, Jos\u00e9 Ram\u00f3n Montero, Catedr\u00e1tico Em\u00e9rito de Ciencia Pol\u00edtica de la Universidad Aut\u00f3noma de Madrid, Jorge Ram\u00edrez, Asesor Presidencial, junto a Juan Pablo Luna, acad\u00e9mico del Instituto de Ciencias Pol\u00edticas de la Universidad Cat\u00f3lica,\u00a0 conversaci\u00f3n moderada por Rodrigo Arellano, Vicedecano de la Facultad de Gobierno.<\/p>\n<p style=\"text-align: justify;\">Esta instancia permiti\u00f3 entender por qu\u00e9 se implementaron las \u00faltimas reformas, cu\u00e1les son \u00e9stas exactamente y qu\u00e9 consecuencias tienen a corto plazo. Se hizo \u00e9nfasis en el cambio del sistema binominal, la incorporaci\u00f3n de cuotas femeninas, el nuevo sistema de financiamiento de la pol\u00edtica y el voto voluntario.<\/p>\n<p style=\"text-align: justify;\">A trav\u00e9s de distintas miradas, y refiri\u00e9ndose a cantidades de estudios, entregando estad\u00edsticas, an\u00e9cdotas y comparaciones, los invitados presentaron un an\u00e1lisis de los cambios electorales \u00edntegra pero, todos tuvieron el mismo punto de vista que Gonzalo M\u00fcller, quien destac\u00f3 que los cambios electorales son demasiado recientes: \u201cNo podemos concluir la discusi\u00f3n sobre la legitimidad de estas reformas sin estar en la incertidumbre. Evaluamos sus impactos a corto plazo, pero va a requerir varias elecciones m\u00e1s para analizar los efectos que se generar\u00e1n en el tiempo\u201d.<\/p>\n","protected":false},"excerpt":{"rendered":"<p>El seminario \u201cChile laboratorio pol\u00edtico\u201d, organizado por la Facultad de Gobierno, se realiz\u00f3 el jueves 31 de mayo en la Universidad del Desarrollo. La actividad se dividi\u00f3 en dos paneles, entregando un an\u00e1lisis desde una perspectiva pol\u00edtica y otra desde una perspectiva acad\u00e9mica.<\/p>\n","protected":false},"author":22,"featured_media":3569,"comment_status":"open","ping_status":"open","sticky":false,"template":"","format":"standard","meta":{"footnotes":""},"categories":[4],"tags":[],"class_list":["post-3560","post","type-post","status-publish","format-standard","has-post-thumbnail","hentry","category-noticias"],"featured_image_url":"https:\/\/gobierno.udd.cl\/cpp\/files\/2018\/06\/DeiaF9SXUAAYGRW-660x430.jpg","_links":{"self":[{"href":"https:\/\/gobierno.udd.cl\/cpp\/wp-json\/wp\/v2\/posts\/3560","targetHints":{"allow":["GET"]}}],"collection":[{"href":"https:\/\/gobierno.udd.cl\/cpp\/wp-json\/wp\/v2\/posts"}],"about":[{"href":"https:\/\/gobierno.udd.cl\/cpp\/wp-json\/wp\/v2\/types\/post"}],"author":[{"embeddable":true,"href":"https:\/\/gobierno.udd.cl\/cpp\/wp-json\/wp\/v2\/users\/22"}],"replies":[{"embeddable":true,"href":"https:\/\/gobierno.udd.cl\/cpp\/wp-json\/wp\/v2\/comments?post=3560"}],"version-history":[{"count":5,"href":"https:\/\/gobierno.udd.cl\/cpp\/wp-json\/wp\/v2\/posts\/3560\/revisions"}],"predecessor-version":[{"id":3580,"href":"https:\/\/gobierno.udd.cl\/cpp\/wp-json\/wp\/v2\/posts\/3560\/revisions\/3580"}],"wp:featuredmedia":[{"embeddable":true,"href":"https:\/\/gobierno.udd.cl\/cpp\/wp-json\/wp\/v2\/media\/3569"}],"wp:attachment":[{"href":"https:\/\/gobierno.udd.cl\/cpp\/wp-json\/wp\/v2\/media?parent=3560"}],"wp:term":[{"taxonomy":"category","embeddable":true,"href":"https:\/\/gobierno.udd.cl\/cpp\/wp-json\/wp\/v2\/categories?post=3560"},{"taxonomy":"post_tag","embeddable":true,"href":"https:\/\/gobierno.udd.cl\/cpp\/wp-json\/wp\/v2\/tags?post=3560"}],"curies":[{"name":"wp","href":"https:\/\/api.w.org\/{rel}","templated":true}]}}