{"id":3546,"date":"2018-06-20T00:18:15","date_gmt":"2018-06-20T04:18:15","guid":{"rendered":"http:\/\/gobierno.udd.cl\/cpp\/?p=3546"},"modified":"2018-06-28T00:18:55","modified_gmt":"2018-06-28T04:18:55","slug":"con-mas-de-mil-asistentes-lyd-junto-a-la-udd-realizaron-el-xix-seminario-calidad-y-gestion-en-educacion","status":"publish","type":"post","link":"https:\/\/gobierno.udd.cl\/cpp\/noticias\/2018\/06\/20\/con-mas-de-mil-asistentes-lyd-junto-a-la-udd-realizaron-el-xix-seminario-calidad-y-gestion-en-educacion\/","title":{"rendered":"Con m\u00e1s de mil asistentes LYD junto a la UDD realizaron el XIX Seminario \u201cCalidad y Gesti\u00f3n en Educaci\u00f3n\u201d"},"content":{"rendered":"<p style=\"text-align: justify;\"><a href=\"http:\/\/gobierno.udd.cl\/cpp\/files\/2018\/06\/EDUCALYD.jpg\" rel=\"attachment wp-att-3548\"><img loading=\"lazy\" decoding=\"async\" class=\"size-medium wp-image-3548 aligncenter\" src=\"http:\/\/gobierno.udd.cl\/cpp\/files\/2018\/06\/EDUCALYD-300x196.jpg\" alt=\"EDUCALYD\" width=\"300\" height=\"196\" srcset=\"https:\/\/gobierno.udd.cl\/cpp\/files\/2018\/06\/EDUCALYD-300x196.jpg 300w, https:\/\/gobierno.udd.cl\/cpp\/files\/2018\/06\/EDUCALYD-768x502.jpg 768w, https:\/\/gobierno.udd.cl\/cpp\/files\/2018\/06\/EDUCALYD-1024x670.jpg 1024w, https:\/\/gobierno.udd.cl\/cpp\/files\/2018\/06\/EDUCALYD-660x430.jpg 660w, https:\/\/gobierno.udd.cl\/cpp\/files\/2018\/06\/EDUCALYD-960x628.jpg 960w, https:\/\/gobierno.udd.cl\/cpp\/files\/2018\/06\/EDUCALYD.jpg 1119w\" sizes=\"auto, (max-width: 300px) 100vw, 300px\" \/><\/a><\/p>\n<p style=\"text-align: justify;\"><strong>Libertad y Desarrollo<\/strong>\u00a0junto a la<strong>\u00a0Universidad del Desarrollo<\/strong>\u00a0realizaron la\u00a0<strong>XIX versi\u00f3n del Seminario \u201cCalidad y Gesti\u00f3n en Educaci\u00f3n\u201d\u00a0<\/strong>este\u00a0viernes 15 de junio en Centro Parque. M\u00e1s de mil\u00a0profesores, directivos y sostenedores de establecimientos educacionales asistieron al encuentro.<\/p>\n<p style=\"text-align: justify;\">El\u00a0<strong>Director Ejecutivo de Libertad y Desarrollo, Luis Larra\u00edn<\/strong>, dio la bienvenida al seminario, destacando el evento como un referente para la discusi\u00f3n de la educaci\u00f3n, con un \u00e9nfasis en la calidad y gesti\u00f3n, y con la autonom\u00eda y libertad como uno de sus valores. Adem\u00e1s, cont\u00f3 que<strong>\u00a0LyD desde sus or\u00edgenes ha considerado el tema educaci\u00f3n como uno de los m\u00e1s importantes dentro de la discusi\u00f3n de pol\u00edtica p\u00fablica en nuestro pa\u00eds.<\/strong>\u00a0\u201cValoramos la iniciativa que hace unos d\u00edas present\u00f3 el Presidente Pi\u00f1era y el Ministro de Educaci\u00f3n, Gerardo Varela,\u00a0que busca reducir el exceso de carga burocr\u00e1tica que hoy recae sobre las escuelas y liceos\u201d, sentenci\u00f3. Adem\u00e1s, enfatiz\u00f3 en la\u00a0importancia de que los establecimientos educacionales se vayan adaptando y que vayan detectando espacios que efectivamente les signifiquen una oportunidad para la mejora.<\/p>\n<p style=\"text-align: justify;\">La jornada cont\u00f3 con la participaci\u00f3n de\u00a0<strong>Deborah Loewenberg Ball.\u00a0<\/strong>Ella es\u00a0profesora y acad\u00e9mica, y fue decana durante 11 a\u00f1os de la Facultad de Educaci\u00f3n de la Universidad de Michigan, en donde desarroll\u00f3\u00a0<em><strong>Teaching Works,<\/strong>\u00a0<\/em>un programa de formaci\u00f3n de profesores expertos en pr\u00e1cticas pedag\u00f3gicas de alto impacto en el aprendizaje, del cual es hoy directora. Loewenberg Ball bas\u00f3 su presentaci\u00f3n contando<strong>\u00a0su experiencia en las salas de clases<\/strong>\u00a0y c\u00f3mo se puede desarrollar\u00a0<strong>el pensamiento cr\u00edtico de los alumnos con alta vulnerabilidad social.<\/strong><\/p>\n<p style=\"text-align: justify;\">M\u00e1s informaci\u00f3n y presentaciones en sitio de<strong>\u00a0<a href=\"http:\/\/lyd.org\/centro-de-prensa\/noticias\/2018\/06\/con-mas-de-mil-asistentes-y-la-participacion-de-expertos-y-autoridades-lyd-junto-a-la-udd-realizaron-el-xix-seminario-calidad-y-gestion-en-educacion\/\" target=\"_blank\">LIBERTAD Y DESARROLLO.<\/a><\/strong><\/p>\n<p style=\"text-align: justify;\">FOTOS \u2013 XIX versi\u00f3n del Seminario \u201cCalidad y Gesti\u00f3n en Educaci\u00f3n\u201d\u00a0<strong><a href=\"https:\/\/www.flickr.com\/photos\/40217909@N03\/sets\/72157692335156220\" target=\"_blank\">AQU\u00cd<\/a>.<\/strong><\/p>\n","protected":false},"excerpt":{"rendered":"<p>Libertad y Desarrollo\u00a0junto a la\u00a0Universidad del Desarrollo\u00a0realizaron la\u00a0XIX versi\u00f3n del Seminario \u201cCalidad y Gesti\u00f3n en Educaci\u00f3n\u201d\u00a0este\u00a0viernes 15 de junio en Centro Parque. M\u00e1s de mil\u00a0profesores, directivos y sostenedores de establecimientos educacionales asistieron al encuentro. El\u00a0Director Ejecutivo de Libertad y Desarrollo, Luis Larra\u00edn, dio la bienvenida al seminario, destacando el evento como un referente para la [&hellip;]<\/p>\n","protected":false},"author":22,"featured_media":3548,"comment_status":"open","ping_status":"open","sticky":false,"template":"","format":"standard","meta":{"footnotes":""},"categories":[4],"tags":[],"class_list":["post-3546","post","type-post","status-publish","format-standard","has-post-thumbnail","hentry","category-noticias"],"featured_image_url":"https:\/\/gobierno.udd.cl\/cpp\/files\/2018\/06\/EDUCALYD.jpg","_links":{"self":[{"href":"https:\/\/gobierno.udd.cl\/cpp\/wp-json\/wp\/v2\/posts\/3546","targetHints":{"allow":["GET"]}}],"collection":[{"href":"https:\/\/gobierno.udd.cl\/cpp\/wp-json\/wp\/v2\/posts"}],"about":[{"href":"https:\/\/gobierno.udd.cl\/cpp\/wp-json\/wp\/v2\/types\/post"}],"author":[{"embeddable":true,"href":"https:\/\/gobierno.udd.cl\/cpp\/wp-json\/wp\/v2\/users\/22"}],"replies":[{"embeddable":true,"href":"https:\/\/gobierno.udd.cl\/cpp\/wp-json\/wp\/v2\/comments?post=3546"}],"version-history":[{"count":1,"href":"https:\/\/gobierno.udd.cl\/cpp\/wp-json\/wp\/v2\/posts\/3546\/revisions"}],"predecessor-version":[{"id":3549,"href":"https:\/\/gobierno.udd.cl\/cpp\/wp-json\/wp\/v2\/posts\/3546\/revisions\/3549"}],"wp:featuredmedia":[{"embeddable":true,"href":"https:\/\/gobierno.udd.cl\/cpp\/wp-json\/wp\/v2\/media\/3548"}],"wp:attachment":[{"href":"https:\/\/gobierno.udd.cl\/cpp\/wp-json\/wp\/v2\/media?parent=3546"}],"wp:term":[{"taxonomy":"category","embeddable":true,"href":"https:\/\/gobierno.udd.cl\/cpp\/wp-json\/wp\/v2\/categories?post=3546"},{"taxonomy":"post_tag","embeddable":true,"href":"https:\/\/gobierno.udd.cl\/cpp\/wp-json\/wp\/v2\/tags?post=3546"}],"curies":[{"name":"wp","href":"https:\/\/api.w.org\/{rel}","templated":true}]}}