{"id":3537,"date":"2018-06-27T23:45:42","date_gmt":"2018-06-28T03:45:42","guid":{"rendered":"http:\/\/gobierno.udd.cl\/cpp\/?p=3537"},"modified":"2018-06-27T23:46:51","modified_gmt":"2018-06-28T03:46:51","slug":"el-frente-a-frente-de-bachelet-ii-y-pinera-ii-en-sus-primeros-100-dias-radio-santiago","status":"publish","type":"post","link":"https:\/\/gobierno.udd.cl\/cpp\/noticias\/2018\/06\/27\/el-frente-a-frente-de-bachelet-ii-y-pinera-ii-en-sus-primeros-100-dias-radio-santiago\/","title":{"rendered":"El frente a frente de Bachelet II y Pi\u00f1era II en sus primeros 100 d\u00edas &#8211; Radio Santiago"},"content":{"rendered":"<p style=\"text-align: justify;\">\u201cHa aprovechado visibilizar temas que han tenido un impacto muy positivo en la opini\u00f3n p\u00fablica, como el acuerdo por la Infancia o la nueva pol\u00edtica de migraciones\u201d, as\u00ed explica\u00a0Roberto Izikson, gerente de asuntos p\u00fablicos y estudios cuantitativos de Cadem, la buena aprobaci\u00f3n que ha tenido el Presidente\u00a0Sebasti\u00e1n Pi\u00f1era\u00a0desde su retorno a La Moneda.<br \/>\nAs\u00ed,\u00a0en La Moneda sacan cuentas alegres cuando hoy se cumplen 100 d\u00edas del segundo per\u00edodo del Jefe de Estado. Y en diversos sectores ya han\u00a0comenzado las comparaciones con su antecesora, la ex Mandataria\u00a0Michelle Bachelet.<br \/>\nUna de ellas es la popularidad. Y, precisamente, en la Cadem del pasado lunes, el Presidente marca un 60% de respaldo, mientras que la ex gobernante, en el mismo per\u00edodo obtuvo un 53%.<br \/>\nPor otra parte, un 24% desaprueba la gesti\u00f3n gesti\u00f3n de Pi\u00f1era. En la misma semana, pero hace cuatro a\u00f1os, el rechazo al gobierno de Bachelet era de un 30%.<br \/>\nIzikson\u00a0explica que el mayor respaldo del Mandatario en comparaci\u00f3n con su antecesora, se debe a diversos factores. Entre ellos, la alta votaci\u00f3n con la gan\u00f3 en la segunda vuelta lo que, a su juicio, \u201cle permite proyectar una imagen muy positiva\u201d. Junto a ello, se\u00f1ala que \u201cha habido un cambio en las expectativas en comparaci\u00f3n al gobierno de la ex Presidenta\u201d. Adem\u00e1s, el Jefe de Estado, indica, ha estado presente en temas que impactan en la ciudadan\u00eda, como crecimiento econ\u00f3mico o seguridad, lo que tambi\u00e9n le ha generado apoyos.<br \/>\nDe hecho, esta buena evaluaci\u00f3n permiti\u00f3 que el actual\u00a0Mandatario alcanzara nuevamente su punto m\u00e1ximo de popularidad en estos cien d\u00edas: 60%, cifra que marc\u00f3 por primera vez en la semana del 13 de abril.\u00a0La cifra registrada por Pi\u00f1era, supera por 4 puntos la cantidad m\u00e1s alta de aprobaci\u00f3n que obtuvo Bachelet, que fue de 56% en la semana del 3 de abril de 2014. Incluso, el promedio del apoyo al Jefe de Estado durante estos cien primeros d\u00edas\u00a0 supera al de su antecesora: 56,4% contra 52,4%.<\/p>\n<p style=\"text-align: justify;\">Para su segundo mandato, la ex Presidenta se autoimpuso sacar adelante 56 medidas en sus primeros 100 d\u00edas. Seg\u00fan los anuncios cumplidos, la ex Mandataria pr\u00e1cticamente alcanz\u00f3 su meta con 50 logros en ese per\u00edodo. Estos se concentraron en\u00a0Ciudad y territorio, Salud y Educaci\u00f3n.\u00a0En el primer aspecto, se encuentran ocho medidas, como el aumento de \u00e1reas cubiertas por el programa \u201cQuiero mi Barrio\u201d, un plan de ciclov\u00edas, diagn\u00f3stico del estado de la reconstrucci\u00f3n, y el estudio de factibilidad de la L\u00ednea 2 y L\u00ednea 3 de Metro. En\u00a0Salud, destacan la definici\u00f3n de comunas y centros de salud donde se habilitar\u00e1n 132 SAR (Servicios de Atenci\u00f3n Primaria de Urgencia de Alta Resoluci\u00f3n); el inicio de la implementaci\u00f3n del Fondo Nacional de Medicamentos, y la entrega del Plan Nacional de Inversiones de salud p\u00fablica 2014-2018, entre otros puntos.<br \/>\nY en\u00a0Educaci\u00f3n, que fue el eje de su gobierno -y lo que hoy defiende de su legado-\u00a0en poco m\u00e1s de tres meses, Bachelet se anota el env\u00edo del proyecto que ponefin al lucro, la selecci\u00f3n y el copago en colegios que reciben recursos p\u00fablicos,\u00a0la entrega de listado de localidades en 2014 donde se implementar\u00e1n 500 de 4.500 nuevas salas cunas y la firma de los convenios que crean cinco Centros de Formaci\u00f3n T\u00e9cnica, entre otras medidas.<br \/>\n\u201cLa ex Presidenta entr\u00f3 con el sello de una tem\u00e1tica que ya estaba instalada en el primer gobierno de Pi\u00f1era, que fue la educaci\u00f3n. Su agenda pr\u00e1cticamente \u2018transpiraba\u2019 educaci\u00f3n. Y de ah\u00ed no se sali\u00f3. De hecho, Bachelet realiza una reforma tributaria para financiar los cambios en esa materia\u201d, comenta\u00a0Eugenio Guzm\u00e1n, decano de la Facultad de Gobierno de la\u00a0<span class=\"highlight\">Universidad<\/span>\u00a0<span class=\"highlight\">del<\/span>\u00a0<span class=\"highlight\">Desarrollo<\/span>. \u201cPero resulta que la tributaria fue una reforma mal hecha, dif\u00edcil de explicar y, en materia educacional, hasta la gente de Revoluci\u00f3n Democr\u00e1tica que estaba en el Mineduc termin\u00f3 por irse del gobierno\u201d.<br \/>\nDistinto es el sello que est\u00e1 marcando en estos d\u00edas el\u00a0Presidente Pi\u00f1era.<br \/>\n\u201cEl \u00fanico gran tema con el que llega al poder es el crecimiento econ\u00f3mico, tras las malas cifras que exist\u00edan, que repercute en la vida cotidiana de las personas, como el empleo. Y a eso se suman temas que, de cierta manera, son heredados del gobierno de Bachelet, como la inmigraci\u00f3n y el Sename\u201d.\u00a0Guzm\u00e1n sostiene que en ambas materias, el Jefe de Estado las ha abordado de \u201cmanera poco ideol\u00f3gico. Lo hace con con un\u00a0sello de orden y justicia,\u00a0tanto en inmigrantes como en Sename\u201d.<br \/>\nY si bien se sale algo de la norma, la agenda de equidad de g\u00e9nero termin\u00f3 tambi\u00e9n marcando estos 100 d\u00edas. El\u00a0decano de la Facultad de Gobierno de la\u00a0<span class=\"highlight\">UDD<\/span>, destaca que, en esa \u00e1rea, Pi\u00f1era toma el concepto del \u201creconocimiento\u201d.<br \/>\nEn estos 100 d\u00edas, en la actual administraci\u00f3n se contabilizan 43 \u201cmedidas cumplidas\u201d, entendiendo estas como temas en los que se ha hecho un anuncio y se ha\u00a0presentado un proyecto de ley, se le ha dado urgencia a alguna iniciativa en el Congreso, o se ha realizado alg\u00fan acto administrativo.<br \/>\nLa delantera la lleva\u00a0Migraci\u00f3n. Nueve son los t\u00f3picos que se han abordado en esta materia. Entre ellas, una nueva Ley de Inmigraci\u00f3n (mediante indicaciones al texto que se encuentra en el Congreso), y medidas administrativas como la visa consular de turismo para ciudadanos de Hait\u00ed,\u00a0visa de responsabilidad democr\u00e1tica para Venezuela y proceso de regularizaci\u00f3n para entregar este documento a 250.000 extranjeros.<br \/>\nEn tanto, tal como se dijo en campa\u00f1a y en el programa de gobierno, el\u00a0crecimiento\u00a0es otras de las \u00e1reas prioritarias de estos 100 primeros d\u00edas. Esto se refleja en iniciativas como dotar de mayor\u00a0autonom\u00eda al Consejo Fiscal, las indicaciones al proyecto de ley de pago oportuno para las Pymes, y la creaci\u00f3n de la Oficina de Gesti\u00f3n de Proyectos Sustentables, entre otros.<br \/>\nEl otro gran eje que marca el sello de Pi\u00f1era II es\u00a0seguridad ciudadana:\u00a0Ley Antiportonazo, perfeccionamiento Ley Antiterrorista, reforma de las Polic\u00edas y el anuncio del Sistema T\u00e1ctico de Operaci\u00f3n Policial, son\u00a0algunos de las iniciativas que La Moneda ha impulsado, teniendo presente que es uno de los temas que, seg\u00fan las diferentes encuestas, est\u00e1n entre los primeros lugares de las preocupaciones de la gente.<\/p>\n<p style=\"text-align: justify;\">En lo social, la segunda administraci\u00f3n de Sebasti\u00e1n Pi\u00f1era ha estado\u00a0marcada por el movimiento feminista\u00a0-que se inici\u00f3 a principios de abril en la Universidad Austral de Chile y que incluso gener\u00f3 la toma de la Casa Central de la Universidad Cat\u00f3lica-. La intensidad de las manifestaciones caus\u00f3 que el Ejecutivo presentara la \u201cAgenda Mujer\u201d. \u201cVamos a terminar, en el corto plazo,\u00a0con todas las discriminaciones contra la mujer\u201c, se\u00f1al\u00f3 el Jefe de Estado cuando lanz\u00f3 el paquete de doce medidas, entre las que se inclu\u00edan reformar la Constituci\u00f3n para consagrar la igualdad de derechos entre hombres y mujeres, generar un plan \u00fanico de salud en las Isapres y establecer el\u00a0derecho a la lactancia libre a las mujeres.<br \/>\nOtro punto que ha marcado\u00a0estos primeros 100 de gobierno\u00a0es el nivel de violencia de los incidentes en las\u00a0tomas encabezadas por estudiantes secundarios, como lo ocurrido en las \u00faltimas semanas en el Instituto Nacional, donde se encontr\u00f3 material para confeccionar bombas molotov, o el incendio de este fin de semana en el Liceo\u00a0Miguel Luis Amun\u00e1tegui, en medio de una toma.<br \/>\nMientras que en los primeros 100 d\u00edas de Bachelet II,\u00a0la ex Mandataria tuvo una \u201ccalle\u201d mucho m\u00e1s tranquila, en parte porque los dirigentes estudiantiles, como Giorgio Jackson y Camila Vallejo, ingresaron al Congreso,\u00a0y militantes de Revoluci\u00f3n Democr\u00e1tica, como Miguel Crispi, tuvieron un rol clave en el\u00a0ministerio de Educaci\u00f3n,\u00a0encabezado por Nicol\u00e1s Eyzaguirre.<br \/>\n\u201cFueron meses tranquilos, no hubo la cantidad de tomas y agitaciones que ha tenido que pasar Pi\u00f1era. Hab\u00eda un cierta calma y expectativas en los actores sociales\u201d, recuerda\u00a0Carlos Correa, ex subdirector de la Secretaria de Comunicaciones (Secom) del segundo gobierno de Michelle Bachelet.<br \/>\nA nivel pol\u00edtico, la segunda administraci\u00f3n Pi\u00f1era ha tenido que enfrentar una oposici\u00f3n mucho m\u00e1s activa que la que tuvo Bachelet.<br \/>\nEn menos de de 100 d\u00edas, dos ministros -Emilio Santelices (Salud), a solo 52 d\u00edas de asumir, y Hern\u00e1n Larra\u00edn (Justicia)-, fueron interpelados por la oposici\u00f3n en el Congreso. Iincluso el titular de Salud tuvo que preparar una defensa para enfrentar una eventual acusaci\u00f3n constitucional. Caso muy distinto a lo ocurrido en Bachelet II: la primera jefa de cartera en presentarse en el Congreso fue\u00a0Paulina Saball (Vivienda), 103 d\u00edas despu\u00e9s de que la ex Presidenta arribara a La Moneda.<br \/>\nSebasti\u00e1n Pi\u00f1era tambi\u00e9n ha tenido que enfrentar una ofensiva fuera del\u00a0 Congreso, liderada por el\u00a0Partido Socialista. No solo se han restado de los acuerdos nacionales convocados por La Moneda sino que tambi\u00e9n han sido activos en fiscalizaci\u00f3n de la administraci\u00f3n, llegando a presentar\u00a0acciones judiciales ante la\u00a0Contralor\u00eda y el Tribunal Constitucional. Para el ex subdirector de la Secom en este punto no habr\u00eda tanta diferencia:\u00a0\u201cLa UDI fue mucho m\u00e1s a la Contralor\u00eda de lo que ha ido el PS, lo que pasa es que no le iba bien, por eso no se sabe\u201d.<br \/>\nLas\u00a0coaliciones oficialistas,\u00a0vivieron los primeros 100 d\u00edas de formas distintas. Hasta ahora, Chile Vamos en el gobierno ha tenido m\u00e1s unidad, con\u00a0diferencias solo en los temas val\u00f3ricos. Ambiente que podr\u00eda cambiar tras las\u00a0cr\u00edticas de RN sobre la instalaci\u00f3n. En tanto, la Nueva Mayor\u00eda durante el mismo per\u00edodo vivi\u00f3 su primer remez\u00f3n pol\u00edtico: la creaci\u00f3n del t\u00e9rmino de\u00a0\u201cretroexcavadora\u201d por parte del senador Jaime Quintana, lo que gener\u00f3 cr\u00edticas dentro de sus mismos socios. A su vez que la DC instaur\u00f3 la idea de\u00a0reformas con matices, particularmente en educaci\u00f3n, algo que tambi\u00e9n tension\u00f3 el oficialismo de entonces.<\/p>\n<p style=\"text-align: justify;\"><a href=\"https:\/\/goo.gl\/ThVyiV\" target=\"_blank\" rel=\"attachment wp-att-3538\"><img loading=\"lazy\" decoding=\"async\" class=\"size-medium wp-image-3538 aligncenter\" src=\"http:\/\/gobierno.udd.cl\/cpp\/files\/2018\/06\/7793a60ff6057ceae6575cf9423c6613-55x300.jpg\" alt=\"7793a60ff6057ceae6575cf9423c6613\" width=\"55\" height=\"300\" \/><\/a><\/p>\n","protected":false},"excerpt":{"rendered":"<p>Una de ellas es la popularidad. Y, precisamente, en la Cadem del pasado lunes, el Presidente marca un 60% de respaldo, mientras que la ex gobernante, en el mismo per\u00edodo obtuvo un 53%.<\/p>\n","protected":false},"author":22,"featured_media":893,"comment_status":"open","ping_status":"open","sticky":false,"template":"","format":"standard","meta":{"footnotes":""},"categories":[10162],"tags":[],"class_list":["post-3537","post","type-post","status-publish","format-standard","has-post-thumbnail","hentry","category-centro-en-la-prensa"],"featured_image_url":"https:\/\/gobierno.udd.cl\/cpp\/files\/2015\/05\/udd_cpp_prensa_340.png","_links":{"self":[{"href":"https:\/\/gobierno.udd.cl\/cpp\/wp-json\/wp\/v2\/posts\/3537","targetHints":{"allow":["GET"]}}],"collection":[{"href":"https:\/\/gobierno.udd.cl\/cpp\/wp-json\/wp\/v2\/posts"}],"about":[{"href":"https:\/\/gobierno.udd.cl\/cpp\/wp-json\/wp\/v2\/types\/post"}],"author":[{"embeddable":true,"href":"https:\/\/gobierno.udd.cl\/cpp\/wp-json\/wp\/v2\/users\/22"}],"replies":[{"embeddable":true,"href":"https:\/\/gobierno.udd.cl\/cpp\/wp-json\/wp\/v2\/comments?post=3537"}],"version-history":[{"count":2,"href":"https:\/\/gobierno.udd.cl\/cpp\/wp-json\/wp\/v2\/posts\/3537\/revisions"}],"predecessor-version":[{"id":3540,"href":"https:\/\/gobierno.udd.cl\/cpp\/wp-json\/wp\/v2\/posts\/3537\/revisions\/3540"}],"wp:featuredmedia":[{"embeddable":true,"href":"https:\/\/gobierno.udd.cl\/cpp\/wp-json\/wp\/v2\/media\/893"}],"wp:attachment":[{"href":"https:\/\/gobierno.udd.cl\/cpp\/wp-json\/wp\/v2\/media?parent=3537"}],"wp:term":[{"taxonomy":"category","embeddable":true,"href":"https:\/\/gobierno.udd.cl\/cpp\/wp-json\/wp\/v2\/categories?post=3537"},{"taxonomy":"post_tag","embeddable":true,"href":"https:\/\/gobierno.udd.cl\/cpp\/wp-json\/wp\/v2\/tags?post=3537"}],"curies":[{"name":"wp","href":"https:\/\/api.w.org\/{rel}","templated":true}]}}