{"id":3533,"date":"2018-06-18T21:40:22","date_gmt":"2018-06-19T01:40:22","guid":{"rendered":"http:\/\/gobierno.udd.cl\/cpp\/?p=3533"},"modified":"2018-06-18T21:40:22","modified_gmt":"2018-06-19T01:40:22","slug":"soledad-reyes-va-a-costar-mucho-sacarle-esa-fama-de-guerrillero-a-manuel-rodriguez-la-segunda","status":"publish","type":"post","link":"https:\/\/gobierno.udd.cl\/cpp\/noticias\/2018\/06\/18\/soledad-reyes-va-a-costar-mucho-sacarle-esa-fama-de-guerrillero-a-manuel-rodriguez-la-segunda\/","title":{"rendered":"Soledad Reyes: \u201cVa a costar mucho sacarle esa fama de guerrillero a Manuel Rodr\u00edguez\u201d &#8211; La Segunda"},"content":{"rendered":"<p style=\"text-align: justify;\">Fue en medio de un posnatal que a Soledad Reyes del Villar, historiadora e investigadora del Centro de Pol\u00edticas P\u00fablicas de la <span class=\"highlight\">U<\/span>. <span class=\"highlight\">del<\/span> <span class=\"highlight\">Desarrollo<\/span>, se le cruz\u00f3 la imagen de Manuel Rodr\u00edguez Erdo\u00edza. Primero fueron los textos de Vicu\u00f1a Mackenna, luego de los hermanos Amun\u00e1tegui, de Barros Arana y hasta de Violeta Parra. \u201cPara unos era un \u00eddolo y para otros un guerrillero, un insolente llevado de sus ideas, y ah\u00ed me dije \u2018tengo que escribir&#8217;\u201d, confiesa.<\/p>\n<p style=\"text-align: justify;\">La curiosidad por esos pliegues que ofrec\u00eda esa historia se transformaron \u2014luego de a\u00f1o y medio de trabajo\u2014 en el libro \u00abManuel Rodr\u00edguez, a\u00fan tenemos patria ciudadanos\u00bb (Ediciones El Mercurio, lanzado a mediados de mayo), que intenta explicar el enigma del patriota. Porque la figura de Rodr\u00edguez \u2014y en medio de gestiones parlamentarias que buscan instalar su monumento frente a La Moneda y exhumar sus restos del Cementerio General para comprobar su autenticidad\u2014, parece ser un puzle al que todav\u00eda le faltan piezas.<\/p>\n<p>\u201cCon el paso de los a\u00f1os, su historia m\u00e1s que aclararse se ha ido enredando mucho m\u00e1s, en especial, por el tema de su muerte que parece una novela de Dan Brown: Lo encontr\u00f3 un juez de Til Til, lo escondi\u00f3, nadie supo y despu\u00e9s los hijos de esa persona encontraron un papel en su velador que dec\u00eda: \u2018Yo enterr\u00e9 a Manuel Rodr\u00edguez&#8217;\u201d, cuenta la autora.<\/p>\n<p style=\"text-align: justify;\">\u2014\u00bfLa utilizaci\u00f3n de su nombre por parte del Partido Comunista para bautizar al Frente Patri\u00f3tico contribuy\u00f3 a este enredo?<\/p>\n<p style=\"text-align: justify;\">\u2014Si, de todas maneras. En el fondo eso aument\u00f3 esta fama de guerrillero. F\u00edjate que hoy gente de mi edad, quienes no tienen idea de qui\u00e9n es Manuel Rodr\u00edguez, lo siguen asociando inconscientemente al Frente Patri\u00f3tico. Va a costar mucho sacarle esa fama de guerrillero, de revolucionario.<\/p>\n<p style=\"text-align: justify;\">\u2014\u00bfSe puede decir que Manuel Rodr\u00edguez es una figura que representa un conflicto constante entre el orden y el desorden?<\/p>\n<p style=\"text-align: justify;\">\u2014El inicio de su vida es en un entorno com\u00fan y corriente, ah\u00ed en Agustinas, donde hoy est\u00e1 el Banco Central. Estudi\u00f3 Derecho y s\u00f3lo despu\u00e9s empez\u00f3 con las reuniones conspirativas siguiendo a Carrera. Fue una mezcla. Por cierto el desorden vino al final cuando San Mart\u00edn, para salvarlo, le dio el cargo de Auditor de Guerra, pero se aburri\u00f3, le dio demasiada lata y se fue \u2014creo\u2014 a Pumanque con la polola. La disciplina militar no pudo con \u00e9l y se fue.<\/p>\n<p style=\"text-align: justify;\">\u2014T\u00fa sostienes en tu libro que Manuel Rodr\u00edguez no era el indisciplinado o impetuoso que se supone que fue. \u00bfC\u00f3mo era?<\/p>\n<p style=\"text-align: justify;\">\u2014Fue alguien que actu\u00f3 de manera s\u00faper generosa y desinteresada durante el per\u00edodo de la Reconquista. Donde s\u00ed las cosas se le fueron un poco de las manos, aunque ah\u00ed tambi\u00e9n hay varias versiones, fue cuando asumi\u00f3 por 48 horas como gobernador en San Fernando, donde hay registro de confiscaciones y deportaciones que estuvieron de m\u00e1s. Ah\u00ed, O&#8217;Higgins mont\u00f3 en c\u00f3lera (\u2026) Antes, cuando empieza a colaborar con San Mart\u00edn, se le ponen por escrito 16, 17 puntos a cumplir y los hizo a consciencia. As\u00ed que la imagen del guerrillero impetuoso es injusta.<\/p>\n<p>El odio de O&#8217;Higgins<\/p>\n<p style=\"text-align: justify;\">\u2014Aclaremos: \u00bfProtagonista o personaje secundario?<\/p>\n<p style=\"text-align: justify;\">\u2014En el actuar de Jos\u00e9 Miguel Carrera, Rodr\u00edguez fue un actor absolutamente protag\u00f3nico. Cuando Carrera dio un par de golpes militares, Rodr\u00edguez siempre estuvo a su lado. Fue su ministro de Hacienda, de Guerra. Fue protag\u00f3nico hasta el minuto en que O&#8217;Higgins asumi\u00f3 el mando. Hay un par de cartas de O&#8217;Higgins a San Mart\u00edn en donde tilda a Rodr\u00edguez como \u201calguien incompatible con el mantenimiento del orden p\u00fablico\u201d. Para O&#8217;Higgins fue un enemigo, le ofreci\u00f3 distintas misiones en Estados Unidos y hasta una en Calcuta para sacarlo del pa\u00eds.<\/p>\n<p>\u2014T\u00fa sostienes que O&#8217;Higgins despreciaba a Rodr\u00edguez, \u00bfpor qu\u00e9?<\/p>\n<p style=\"text-align: justify;\">\u2014Viene del desprecio que O&#8217;Higgins ten\u00eda por Carrera. Hay, de nuevo, unas cartas donde O&#8217;Higgins dice que Carrera \u201cse presenta a mis ojos tan despreciable\u201d. Carrera con Manuel Rodr\u00edguez eran \u00edntimos amigos, crecieron juntos y hay que recordar que para 1818 O&#8217;Higgins logra desembarazarse de los hermanos Carrera: a dos los hab\u00eda matado en Mendoza y a Jos\u00e9 Miguel, que hab\u00eda ido a Estados Unidos para conseguir recursos para terminar con la Independencia, nunca le permitieron el retorno a Chile, lo dejaron retenido en Buenos Aires. Rodr\u00edguez, para O&#8217;Higgins, era molesto, un s\u00edmbolo del carrerismo que a\u00fan quedaba en Chile.<\/p>\n<p style=\"text-align: justify;\">\u201cCuando mataron a Manuel Rodr\u00edguez, mandaron a sus hermanos al destierro. Uno de ellos coincidi\u00f3 con O&#8217;Higgins en el exilio en Per\u00fa. De hecho, lo cit\u00f3 a un duelo en la Plaza de Armas de Lima y O&#8217;Higgins no quiso ir\u201d.<\/p>\n<p>\u2014Al final, las muertes de Carrera y Rodr\u00edguez se explican por la tirria de O&#8217;Higgins.<\/p>\n<p>\u2014Ah\u00ed hay todo un gran enigma: \u00bfsi O&#8217;Higgins supo de los planes para matar a Rodr\u00edguez? Se sabe que la orden provino de la Logia Lautaro, muy poderosa, que hac\u00eda y deshac\u00eda en la forma en que O&#8217;Higgins gobernaba. No se sabe muy bien la fuente, pero O&#8217;Higgins habr\u00eda dicho que el crimen de Manuel Rodr\u00edguez fue un error de la Logia Lautaro. Muchos a\u00f1os despu\u00e9s del asesinato, surgi\u00f3 un testimonio de un capit\u00e1n espa\u00f1ol, al que le habr\u00edan pedido matar a Rodr\u00edguez, donde dice que O&#8217;Higgins estuvo presente en la reuni\u00f3n en que se planific\u00f3 la muerte.<\/p>\n<p>\u2014\u00bfEntonces, la estatua de Rodr\u00edguez debiera estar al lado de las de Carrera y O&#8217;Higgins frente a La Moneda?<\/p>\n<p style=\"text-align: justify;\">\u2014Creo que s\u00ed. Fue incre\u00edble lo que hizo: Piensa que lider\u00f3 un trabajo que fue fundamental para el cruce del Ej\u00e9rcito libertador por los Andes: Despistar y dividir a las fuerzas espa\u00f1olas.<\/p>\n<p style=\"text-align: justify;\"><a href=\"https:\/\/goo.gl\/jb4LB6\" target=\"_blank\"><img loading=\"lazy\" decoding=\"async\" class=\"aligncenter size-medium wp-image-3534\" src=\"http:\/\/gobierno.udd.cl\/cpp\/files\/2018\/06\/2018-06-12_impresa.lasegunda.com_8J3DBVJG-231x300.jpg\" alt=\"2018-06-12_impresa.lasegunda.com_8J3DBVJG\" width=\"231\" height=\"300\" srcset=\"https:\/\/gobierno.udd.cl\/cpp\/files\/2018\/06\/2018-06-12_impresa.lasegunda.com_8J3DBVJG-231x300.jpg 231w, https:\/\/gobierno.udd.cl\/cpp\/files\/2018\/06\/2018-06-12_impresa.lasegunda.com_8J3DBVJG-768x996.jpg 768w, https:\/\/gobierno.udd.cl\/cpp\/files\/2018\/06\/2018-06-12_impresa.lasegunda.com_8J3DBVJG-790x1024.jpg 790w, https:\/\/gobierno.udd.cl\/cpp\/files\/2018\/06\/2018-06-12_impresa.lasegunda.com_8J3DBVJG-740x960.jpg 740w, https:\/\/gobierno.udd.cl\/cpp\/files\/2018\/06\/2018-06-12_impresa.lasegunda.com_8J3DBVJG.jpg 1440w\" sizes=\"auto, (max-width: 231px) 100vw, 231px\" \/><\/a><\/p>\n","protected":false},"excerpt":{"rendered":"<p>Fue en medio de un posnatal que a Soledad Reyes del Villar, historiadora e investigadora del Centro de Pol\u00edticas P\u00fablicas de la U. del Desarrollo, se le cruz\u00f3 la imagen de Manuel Rodr\u00edguez Erdo\u00edza. Primero fueron los textos de Vicu\u00f1a Mackenna, luego de los hermanos Amun\u00e1tegui, de Barros Arana y hasta de Violeta Parra. \u201cPara [&hellip;]<\/p>\n","protected":false},"author":22,"featured_media":893,"comment_status":"open","ping_status":"open","sticky":false,"template":"","format":"standard","meta":{"footnotes":""},"categories":[10162],"tags":[],"class_list":["post-3533","post","type-post","status-publish","format-standard","has-post-thumbnail","hentry","category-centro-en-la-prensa"],"featured_image_url":"https:\/\/gobierno.udd.cl\/cpp\/files\/2015\/05\/udd_cpp_prensa_340.png","_links":{"self":[{"href":"https:\/\/gobierno.udd.cl\/cpp\/wp-json\/wp\/v2\/posts\/3533","targetHints":{"allow":["GET"]}}],"collection":[{"href":"https:\/\/gobierno.udd.cl\/cpp\/wp-json\/wp\/v2\/posts"}],"about":[{"href":"https:\/\/gobierno.udd.cl\/cpp\/wp-json\/wp\/v2\/types\/post"}],"author":[{"embeddable":true,"href":"https:\/\/gobierno.udd.cl\/cpp\/wp-json\/wp\/v2\/users\/22"}],"replies":[{"embeddable":true,"href":"https:\/\/gobierno.udd.cl\/cpp\/wp-json\/wp\/v2\/comments?post=3533"}],"version-history":[{"count":1,"href":"https:\/\/gobierno.udd.cl\/cpp\/wp-json\/wp\/v2\/posts\/3533\/revisions"}],"predecessor-version":[{"id":3535,"href":"https:\/\/gobierno.udd.cl\/cpp\/wp-json\/wp\/v2\/posts\/3533\/revisions\/3535"}],"wp:featuredmedia":[{"embeddable":true,"href":"https:\/\/gobierno.udd.cl\/cpp\/wp-json\/wp\/v2\/media\/893"}],"wp:attachment":[{"href":"https:\/\/gobierno.udd.cl\/cpp\/wp-json\/wp\/v2\/media?parent=3533"}],"wp:term":[{"taxonomy":"category","embeddable":true,"href":"https:\/\/gobierno.udd.cl\/cpp\/wp-json\/wp\/v2\/categories?post=3533"},{"taxonomy":"post_tag","embeddable":true,"href":"https:\/\/gobierno.udd.cl\/cpp\/wp-json\/wp\/v2\/tags?post=3533"}],"curies":[{"name":"wp","href":"https:\/\/api.w.org\/{rel}","templated":true}]}}