{"id":3515,"date":"2018-06-12T23:14:52","date_gmt":"2018-06-13T03:14:52","guid":{"rendered":"http:\/\/gobierno.udd.cl\/cpp\/?p=3515"},"modified":"2018-06-12T23:15:27","modified_gmt":"2018-06-13T03:15:27","slug":"cinco-criterios-de-la-nueva-ley-de-adopciones-para-alinear-a-chile-vamos-la-segunda","status":"publish","type":"post","link":"https:\/\/gobierno.udd.cl\/cpp\/noticias\/2018\/06\/12\/cinco-criterios-de-la-nueva-ley-de-adopciones-para-alinear-a-chile-vamos-la-segunda\/","title":{"rendered":"Cinco criterios de la nueva ley de adopciones para alinear a Chile Vamos &#8211; La Segunda"},"content":{"rendered":"<p style=\"text-align: justify;\">Esta semana finalmente el ministro de Justicia, Hern\u00e1n Larra\u00edn, presentar\u00e1 la indicaci\u00f3n en el proyecto que modifica la Ley de Adopciones.La propuesta del Gobierno, que iba ser a ser ingresada al Congreso la semana pasada, fue postergada a petici\u00f3n de la senadora y presidenta de la UDI, Jacqueline van Rysselberghe, debido a diferencias en Chile Vamos, especialmente por la ventana que se abre a la adopci\u00f3n homoparental.<\/p>\n<p style=\"text-align: justify;\">Y para evitar un quiebre, el Ejecutivo ya ha anticipado algunos criterios que buscan integrar posiciones liberales y conservadoras dentro de su coalici\u00f3n.<\/p>\n<p style=\"text-align: justify;\">Por ejemplo, hoy en Radio ADN, el Presidente Sebasti\u00e1n Pi\u00f1era entreg\u00f3 una se\u00f1al m\u00e1s: \u201cPuede que la mejor familia no sea una familia tradicional.<\/p>\n<p style=\"text-align: justify;\">Puede que sea otro tipo de familia\u201d.A juicio de Rodrigo Arellano, vicedecano facultad de gobierno\u00a0<span class=\"highlight\">UDD<\/span>, el Presidente \u201cse abri\u00f3 a las demandas de Ev\u00f3poli y un grupo de RN\u201d y cree que \u201cesto va a tener un costo con la presidenta de la UDI\u201d.<\/p>\n<p style=\"text-align: justify;\">\u201cPi\u00f1era est\u00e1 abriendo claramente una puerta a la adopci\u00f3n homoparental.<\/p>\n<p style=\"text-align: justify;\">Es arriesgado y atrevido por los costos que puede tener en un grupo m\u00e1s conservador de su electorado\u201d.1-Derecho del ni\u00f1o(a)Para contener la molestia de los conservadores, uno de los puntos centrales ser\u00e1 remarcar que el derecho de adopci\u00f3n es del ni\u00f1o(a), antes que cualquier facultad que otorgue la ley a un adulto que quiera adoptar.<\/p>\n<p style=\"text-align: justify;\">El punto lo reiter\u00f3 hoy el Presidente Sebasti\u00e1n Pi\u00f1era y tambi\u00e9n le expres\u00f3 el pasado viernes en su cuenta p\u00fablica.En la minuta de la indicaci\u00f3n del Gobierno \u2014difundida a los parlamentarios el lunes pasado\u2014 justamente se elimina la prelaci\u00f3n (orden de prioridad de las parejas) en \u201cbeneficio del inter\u00e9s superior del ni\u00f1o\u201d.<\/p>\n<p style=\"text-align: justify;\">Esto va en l\u00ednea con el programa de gobierno, donde se plantea la necesidad de apurar los tr\u00e1mites de adopci\u00f3n para privilegiar el inter\u00e9s del ni\u00f1o.2-El juez decideEl segundo pilar es delegar a un juez de familia la decisi\u00f3n final de cu\u00e1ndo procede la adopci\u00f3n.<\/p>\n<p style=\"text-align: justify;\">Esta facultad abre la posibilidad de que parejas homoparentales puedan adoptar, siempre y cuando exista este consentimiento de los tribunales.<\/p>\n<p style=\"text-align: justify;\">Sobre este punto, hoy en la radio B\u00edo B\u00edo, el ministro Blumel dijo que ser\u00e1 tarea del magistrado \u201chacer ese cruce entre el inter\u00e9s superior del ni\u00f1o y las capacidades que tienen los padres o madres adoptivos para poder restituir ese hogar\u201d.3-Ambiente familiarEn la p\u00e1gina 5 de la minuta difundida a los parlamentarios, se menciona que uno de los criterios es \u201cconsiderar especialmente la estabilidad y antig\u00fcedad de su relaci\u00f3n (de la pareja adoptiva)\u201d.<\/p>\n<p style=\"text-align: justify;\">Hoy en su ronda de entrevistas radiales, el Presidente Pi\u00f1era agreg\u00f3: \u201cla capacidad de garantizar un cierto desarrollo material y espiritual del ni\u00f1o\u201d.Sobre este punto, hay otros criterios como la edad de la pareja: Tienen que ser mayores de 25 a\u00f1os y menores de 60 y \u201ctener una diferencia m\u00ednima de 20 a\u00f1os y m\u00e1xima de 45 a\u00f1os de edad con el adoptado\u201d, seg\u00fan la minuta.Otro punto que causa debate es que la minuta establece que \u201cse considerar\u00e1 adem\u00e1s especialmente la existencia de un ambiente familiar donde se pueda ejercer adecuadamente el rol de padre y madre\u201d.<\/p>\n<p style=\"text-align: justify;\">Y si bien no se especifica directamente una prohibici\u00f3n de las parejas homosexuales a adoptar, el Mandatario, varias veces, se ha inclinado por remarcar que el ambiente ideal tambi\u00e9n debiera considerar la presencia de una pareja heterosexual.<\/p>\n<p style=\"text-align: justify;\">Por ejemplo, el 24 de mayo del a\u00f1o pasado Pi\u00f1era dijo en T13 Radio que \u201clo mejor para un ni\u00f1o es que lo reciba una familia donde exista el padre y la madre\u201d.4-No discriminaci\u00f3nNo obstante, para neutralizar la queja de liberales, el viernes despu\u00e9s de la cuenta p\u00fablica, el ministro de Justicia, Hern\u00e1n Larra\u00edn, dijo que en la adopci\u00f3n \u201cno se discriminar\u00e1 a nadie\u201d.<\/p>\n<p style=\"text-align: justify;\">Hoy Pi\u00f1era dijo que no habr\u00e1 \u201cdiscriminaci\u00f3n arbitraria\u201d, tal como se\u00f1ala la minuta del Gobierno.Este criterio tambi\u00e9n podr\u00eda abrir la puerta a la adopci\u00f3n homoparental, ya que organizaciones por la diversidad sexual \u2014como el Movilh e Iguales\u2014 han advertido que cualquier medida restrictiva atentar\u00eda contra el acuerdo del Estado de Chile con la Comisi\u00f3n Interamericana de DD.HH.5-Inhabilita a personas con malos antecedentesOtro criterio busca impedir la adopci\u00f3n de personas que tengan antecedentes penales o un historial de violencia intrafamiliar, de alcoholismo o de drogadicci\u00f3n.<\/p>\n<p style=\"text-align: justify;\">La vocera de gobierno, Cecilia P\u00e9rez, ratific\u00f3 este criterio ayer en TVN y dijo que \u201cquienes no puedan adoptar va a quedar especificado en la ley\u201d.Este mismo criterio fue abordado ayer por el ministro de la Secretar\u00eda General de la Presidencia, Gonzalo Blumel, en Canal 13 quien habl\u00f3 de \u201cuna serie de criterios de exclusi\u00f3n\u201d.<\/p>\n<p><a href=\"https:\/\/goo.gl\/MEXkKe\" target=\"_blank\" rel=\"attachment wp-att-3516\"><img loading=\"lazy\" decoding=\"async\" class=\"size-medium wp-image-3516 aligncenter\" src=\"http:\/\/gobierno.udd.cl\/cpp\/files\/2018\/06\/2018-06-04_impresa.lasegunda.com_PS3D66DB-231x300.jpg\" alt=\"2018-06-04_impresa.lasegunda.com_PS3D66DB\" width=\"231\" height=\"300\" srcset=\"https:\/\/gobierno.udd.cl\/cpp\/files\/2018\/06\/2018-06-04_impresa.lasegunda.com_PS3D66DB-231x300.jpg 231w, https:\/\/gobierno.udd.cl\/cpp\/files\/2018\/06\/2018-06-04_impresa.lasegunda.com_PS3D66DB-768x996.jpg 768w, https:\/\/gobierno.udd.cl\/cpp\/files\/2018\/06\/2018-06-04_impresa.lasegunda.com_PS3D66DB-790x1024.jpg 790w, https:\/\/gobierno.udd.cl\/cpp\/files\/2018\/06\/2018-06-04_impresa.lasegunda.com_PS3D66DB-740x960.jpg 740w, https:\/\/gobierno.udd.cl\/cpp\/files\/2018\/06\/2018-06-04_impresa.lasegunda.com_PS3D66DB.jpg 1440w\" sizes=\"auto, (max-width: 231px) 100vw, 231px\" \/><\/a><\/p>\n","protected":false},"excerpt":{"rendered":"<p>Esta semana finalmente el ministro de Justicia, Hern\u00e1n Larra\u00edn, presentar\u00e1 la indicaci\u00f3n en el proyecto que modifica la Ley de Adopciones.La propuesta del Gobierno, que iba ser a ser ingresada al Congreso la semana pasada, fue postergada a petici\u00f3n de la senadora y presidenta de la UDI, Jacqueline van Rysselberghe, debido a diferencias en Chile [&hellip;]<\/p>\n","protected":false},"author":22,"featured_media":893,"comment_status":"open","ping_status":"open","sticky":false,"template":"","format":"standard","meta":{"footnotes":""},"categories":[10162],"tags":[],"class_list":["post-3515","post","type-post","status-publish","format-standard","has-post-thumbnail","hentry","category-centro-en-la-prensa"],"featured_image_url":"https:\/\/gobierno.udd.cl\/cpp\/files\/2015\/05\/udd_cpp_prensa_340.png","_links":{"self":[{"href":"https:\/\/gobierno.udd.cl\/cpp\/wp-json\/wp\/v2\/posts\/3515","targetHints":{"allow":["GET"]}}],"collection":[{"href":"https:\/\/gobierno.udd.cl\/cpp\/wp-json\/wp\/v2\/posts"}],"about":[{"href":"https:\/\/gobierno.udd.cl\/cpp\/wp-json\/wp\/v2\/types\/post"}],"author":[{"embeddable":true,"href":"https:\/\/gobierno.udd.cl\/cpp\/wp-json\/wp\/v2\/users\/22"}],"replies":[{"embeddable":true,"href":"https:\/\/gobierno.udd.cl\/cpp\/wp-json\/wp\/v2\/comments?post=3515"}],"version-history":[{"count":2,"href":"https:\/\/gobierno.udd.cl\/cpp\/wp-json\/wp\/v2\/posts\/3515\/revisions"}],"predecessor-version":[{"id":3518,"href":"https:\/\/gobierno.udd.cl\/cpp\/wp-json\/wp\/v2\/posts\/3515\/revisions\/3518"}],"wp:featuredmedia":[{"embeddable":true,"href":"https:\/\/gobierno.udd.cl\/cpp\/wp-json\/wp\/v2\/media\/893"}],"wp:attachment":[{"href":"https:\/\/gobierno.udd.cl\/cpp\/wp-json\/wp\/v2\/media?parent=3515"}],"wp:term":[{"taxonomy":"category","embeddable":true,"href":"https:\/\/gobierno.udd.cl\/cpp\/wp-json\/wp\/v2\/categories?post=3515"},{"taxonomy":"post_tag","embeddable":true,"href":"https:\/\/gobierno.udd.cl\/cpp\/wp-json\/wp\/v2\/tags?post=3515"}],"curies":[{"name":"wp","href":"https:\/\/api.w.org\/{rel}","templated":true}]}}