{"id":3511,"date":"2018-06-12T23:12:36","date_gmt":"2018-06-13T03:12:36","guid":{"rendered":"http:\/\/gobierno.udd.cl\/cpp\/?p=3511"},"modified":"2018-06-12T23:13:03","modified_gmt":"2018-06-13T03:13:03","slug":"registro-de-evasores-personas-que-no-paguen-su-pasaje-arriesgan-multas-de-hasta-71-mil-el-mercurio","status":"publish","type":"post","link":"https:\/\/gobierno.udd.cl\/cpp\/noticias\/2018\/06\/12\/registro-de-evasores-personas-que-no-paguen-su-pasaje-arriesgan-multas-de-hasta-71-mil-el-mercurio\/","title":{"rendered":"Registro de evasores: personas que no paguen su pasaje arriesgan multas de hasta $71 mil &#8211; El Mercurio"},"content":{"rendered":"<p style=\"text-align: justify;\">Detener, o por lo menos disminuir, la evasi\u00f3n en el pago del pasaje en Transantiago ha sido una de las metas m\u00e1s importantes para los gobiernos que han asumido el mandato desde que el cuestionado sistema inici\u00f3 su operaci\u00f3n en 2007.El no pago es parte fundamental en los problemas financieros que arrastra desde su fallida implementaci\u00f3n.<\/p>\n<p style=\"text-align: justify;\">Por lo mismo, diferentes medidas han intentado bajar el \u00edndice de evasi\u00f3n, que el primer semestre lleg\u00f3 a 28,5%.Y desde ayer rige una nueva normativa: la discutida ley antievasi\u00f3n, que fue promulgada en marzo tras estar en tramitaci\u00f3n en el Congreso desde 2015.La base de datosLa regulaci\u00f3n aumenta las sanciones a quienes no pagan su pasaje, las que ir\u00e1n desde los $47 mil hasta los $71 mil (1 a 1,5 UTM).<\/p>\n<p style=\"text-align: justify;\">Adem\u00e1s, incorpora un registro de evasores en el que quedan identificadas las personas que no pagan.La norma establece que el Registro Civil debe entregar los nombres de los infractores al Ministerio de Transportes, que los registra en un sitio web.<\/p>\n<p style=\"text-align: justify;\">Esto no es inmediato, pues se genera solo si la persona no se presenta ante el juzgado y no paga la multa correspondiente.El a\u00f1o pasado, durante la tramitaci\u00f3n de la norma, qued\u00f3 establecido que la base de datos no ser\u00eda abierta, pues solo se podr\u00eda acceder a ella mediante Ley de Transparencia, con un l\u00edmite de ocho ingresos al a\u00f1o.<\/p>\n<p style=\"text-align: justify;\">As\u00ed, la ley dispone que \u00abcualquier persona natural podr\u00e1 solicitar que se le informe si una persona determinada se encuentra o no anotada en el referido registro\u00bb.Malas pr\u00e1cticasDe acuerdo con el ex subsecretario de Transportes Carlos Melo, \u00abesta fue una solicitud de los parlamentarios, ya que una de las preocupaciones era que si el registro quedaba abierto, se pod\u00eda transformar en un elemento donde los datos quedaban muy expuestos\u00bb.As\u00ed, con solo ocho consultas, \u00abuna sola persona no puede reconstruir la base de datos haciendo miles de consultas, sino que tiene un l\u00edmite\u00bb, plantea Melo.Sin embargo, pese a los ajustes que se hicieron en su tramitaci\u00f3n -como multas para quienes comercialicen la informaci\u00f3n- la f\u00f3rmula abre controversias debido a que algunos expertos apuntan a que pese a las protecciones, los datos podr\u00edan tener un mal uso.Franco Basso, acad\u00e9mico de Ingenier\u00eda de la U.<\/p>\n<p style=\"text-align: justify;\">Diego Portales, plantea que es una ley adecuada, pero que \u00abaunque se supone que no ser\u00e1 p\u00fablico el registro, podr\u00edan existir bases clandestinas a las que empresas podr\u00edan acceder, lo que estar\u00eda violando la ley\u00bb.Hern\u00e1n Calder\u00f3n, presidente de la Corporaci\u00f3n Nacional de Consumidores y Usuarios (Conadecus), advierte que \u00abes un exceso hacer un registro de estas personas, ficharlas en una base que podr\u00eda filtrarse.<\/p>\n<p style=\"text-align: justify;\">Se necesita un dise\u00f1o distinto del sistema, m\u00e1s all\u00e1 de un registro\u00bb.La nueva normativa tambi\u00e9n contempla, para quienes queden ingresados en esta base de datos, la suspensi\u00f3n de la licencia de conducir y de la entrega de la Tarjeta Nacional Estudiantil (TNE), adem\u00e1s de la retenci\u00f3n de la devoluci\u00f3n de impuestos.Para Rodrigo Troncoso, investigador de la Facultad de Gobierno de la\u00a0<span class=\"highlight\">U<\/span>.\u00a0<span class=\"highlight\">del<\/span>\u00a0<span class=\"highlight\">Desarrollo<\/span>, es fundamental analizar el impacto que tendr\u00e1 la ley: \u00abEs importante que estas medidas se eval\u00faen, ya que estamos hablando de un cambio de comportamiento y de entender si estos incentivos son los correctos\u00bb.63 servicios de las siete unidades de negocios\u00a0del Transantiago participaron de la medici\u00f3n de evasi\u00f3n.28,5% fue el \u00edndice de evasi\u00f3n registrado el primer trimestre.4,8 puntos porcentuales aument\u00f3 el \u00edndice entre diciembre, cuando lleg\u00f3 a 23,7%, y el primer trimestre.<\/p>\n<p><a href=\"https:\/\/goo.gl\/TEYhjU\" target=\"_blank\" rel=\"attachment wp-att-3512\"><img loading=\"lazy\" decoding=\"async\" class=\"size-medium wp-image-3512 aligncenter\" src=\"http:\/\/gobierno.udd.cl\/cpp\/files\/2018\/06\/2018-06-05_impresa.elmercurio.com_MERSTNA006CC0506_1100-215x300.png\" alt=\"2018-06-05_impresa.elmercurio.com_MERSTNA006CC0506_1100\" width=\"215\" height=\"300\" srcset=\"https:\/\/gobierno.udd.cl\/cpp\/files\/2018\/06\/2018-06-05_impresa.elmercurio.com_MERSTNA006CC0506_1100-215x300.png 215w, https:\/\/gobierno.udd.cl\/cpp\/files\/2018\/06\/2018-06-05_impresa.elmercurio.com_MERSTNA006CC0506_1100-768x1073.png 768w, https:\/\/gobierno.udd.cl\/cpp\/files\/2018\/06\/2018-06-05_impresa.elmercurio.com_MERSTNA006CC0506_1100-733x1024.png 733w, https:\/\/gobierno.udd.cl\/cpp\/files\/2018\/06\/2018-06-05_impresa.elmercurio.com_MERSTNA006CC0506_1100-687x960.png 687w\" sizes=\"auto, (max-width: 215px) 100vw, 215px\" \/><\/a><\/p>\n","protected":false},"excerpt":{"rendered":"<p>La norma, que aumenta las sanciones contra el no pago, ha sido criticada por expertos que apuntan a que la base de datos podr\u00eda ser filtrada a las empresas y no ser utilizada para los fines que fue creada.<\/p>\n","protected":false},"author":22,"featured_media":893,"comment_status":"open","ping_status":"open","sticky":false,"template":"","format":"standard","meta":{"footnotes":""},"categories":[10162],"tags":[],"class_list":["post-3511","post","type-post","status-publish","format-standard","has-post-thumbnail","hentry","category-centro-en-la-prensa"],"featured_image_url":"https:\/\/gobierno.udd.cl\/cpp\/files\/2015\/05\/udd_cpp_prensa_340.png","_links":{"self":[{"href":"https:\/\/gobierno.udd.cl\/cpp\/wp-json\/wp\/v2\/posts\/3511","targetHints":{"allow":["GET"]}}],"collection":[{"href":"https:\/\/gobierno.udd.cl\/cpp\/wp-json\/wp\/v2\/posts"}],"about":[{"href":"https:\/\/gobierno.udd.cl\/cpp\/wp-json\/wp\/v2\/types\/post"}],"author":[{"embeddable":true,"href":"https:\/\/gobierno.udd.cl\/cpp\/wp-json\/wp\/v2\/users\/22"}],"replies":[{"embeddable":true,"href":"https:\/\/gobierno.udd.cl\/cpp\/wp-json\/wp\/v2\/comments?post=3511"}],"version-history":[{"count":2,"href":"https:\/\/gobierno.udd.cl\/cpp\/wp-json\/wp\/v2\/posts\/3511\/revisions"}],"predecessor-version":[{"id":3514,"href":"https:\/\/gobierno.udd.cl\/cpp\/wp-json\/wp\/v2\/posts\/3511\/revisions\/3514"}],"wp:featuredmedia":[{"embeddable":true,"href":"https:\/\/gobierno.udd.cl\/cpp\/wp-json\/wp\/v2\/media\/893"}],"wp:attachment":[{"href":"https:\/\/gobierno.udd.cl\/cpp\/wp-json\/wp\/v2\/media?parent=3511"}],"wp:term":[{"taxonomy":"category","embeddable":true,"href":"https:\/\/gobierno.udd.cl\/cpp\/wp-json\/wp\/v2\/categories?post=3511"},{"taxonomy":"post_tag","embeddable":true,"href":"https:\/\/gobierno.udd.cl\/cpp\/wp-json\/wp\/v2\/tags?post=3511"}],"curies":[{"name":"wp","href":"https:\/\/api.w.org\/{rel}","templated":true}]}}