{"id":3506,"date":"2018-06-12T23:08:04","date_gmt":"2018-06-13T03:08:04","guid":{"rendered":"http:\/\/gobierno.udd.cl\/cpp\/?p=3506"},"modified":"2018-06-12T23:09:40","modified_gmt":"2018-06-13T03:09:40","slug":"3506","status":"publish","type":"post","link":"https:\/\/gobierno.udd.cl\/cpp\/noticias\/2018\/06\/12\/3506\/","title":{"rendered":"Salud y MOP, los ministerios m\u00e1s afectados por recortes &#8211; La Segunda"},"content":{"rendered":"<p style=\"text-align: justify;\">La decisi\u00f3n presidencial de revertir el recorte presupuestario de $3.900 millones que sufri\u00f3 originalmente el Sename y aumentarlo en $1.000 millones, dej\u00f3 da\u00f1ado al ministro de Hacienda, Felipe Larra\u00edn, seg\u00fan analistas pol\u00edticos.\u201cEl da\u00f1ado en esta vuelta es Felipe Larra\u00edn, que aparece desautorizado por el Presidente.<\/p>\n<p style=\"text-align: justify;\">Hacienda no aquilat\u00f3 el impacto de lo que significaba un recorte de esta naturaleza a la luz de lo que el gobierno declar\u00f3 que era prioridad como el tema de los ni\u00f1os\u201d, afirma el abogado y columnista, Jorge NavarretePara el decano de la Facultad de Gobierno de la\u00a0<span class=\"highlight\">UDD<\/span>, Eugenio Guzm\u00e1n, \u201ces un golpe de autoridad de Pi\u00f1era, que corrige la estructura de prioridades de Larra\u00edn\u201d.Claudio Fuentes, profesor de Ciencias Pol\u00edticas de la UDP, sostiene que \u201cparece que no hubo una comunicaci\u00f3n adecuada de Hacienda con Presidencia y no puede ser que en un tema de primera prioridad del gobierno se produzcan esta descoordinaciones\u201d.\u201cSi la Direcci\u00f3n de Presupuestos hizo un recorte sin haber contemplado que la principal prioridad del gobierno es la infancia y el Sename, el d\u00e9ficit de visi\u00f3n pol\u00edtica es del Ministerio de Hacienda.<\/p>\n<p style=\"text-align: justify;\">Al corregirlo el Presidente, el que fue desautorizado es el ministro de Hacienda\u201d, coincide el soci\u00f3logo Max Colodro.<\/p>\n<p><a href=\"https:\/\/goo.gl\/RV86BT\" target=\"_blank\" rel=\"attachment wp-att-3507\"><img loading=\"lazy\" decoding=\"async\" class=\"size-medium wp-image-3507 aligncenter\" src=\"http:\/\/gobierno.udd.cl\/cpp\/files\/2018\/06\/2018-06-08_impresa.lasegunda.com_AR3D9P5B-231x300.jpg\" alt=\"2018-06-08_impresa.lasegunda.com_AR3D9P5B\" width=\"231\" height=\"300\" srcset=\"https:\/\/gobierno.udd.cl\/cpp\/files\/2018\/06\/2018-06-08_impresa.lasegunda.com_AR3D9P5B-231x300.jpg 231w, https:\/\/gobierno.udd.cl\/cpp\/files\/2018\/06\/2018-06-08_impresa.lasegunda.com_AR3D9P5B-768x996.jpg 768w, https:\/\/gobierno.udd.cl\/cpp\/files\/2018\/06\/2018-06-08_impresa.lasegunda.com_AR3D9P5B-790x1024.jpg 790w, https:\/\/gobierno.udd.cl\/cpp\/files\/2018\/06\/2018-06-08_impresa.lasegunda.com_AR3D9P5B-740x960.jpg 740w, https:\/\/gobierno.udd.cl\/cpp\/files\/2018\/06\/2018-06-08_impresa.lasegunda.com_AR3D9P5B.jpg 1440w\" sizes=\"auto, (max-width: 231px) 100vw, 231px\" \/><\/a><\/p>\n","protected":false},"excerpt":{"rendered":"<p>La decisi\u00f3n presidencial de revertir el recorte presupuestario de $3.900 millones que sufri\u00f3 originalmente el Sename y aumentarlo en $1.000 millones, dej\u00f3 da\u00f1ado al ministro de Hacienda, Felipe Larra\u00edn, seg\u00fan analistas pol\u00edticos.\u201cEl da\u00f1ado en esta vuelta es Felipe Larra\u00edn, que aparece desautorizado por el Presidente. Hacienda no aquilat\u00f3 el impacto de lo que significaba un [&hellip;]<\/p>\n","protected":false},"author":22,"featured_media":893,"comment_status":"open","ping_status":"open","sticky":false,"template":"","format":"standard","meta":{"footnotes":""},"categories":[10162],"tags":[],"class_list":["post-3506","post","type-post","status-publish","format-standard","has-post-thumbnail","hentry","category-centro-en-la-prensa"],"featured_image_url":"https:\/\/gobierno.udd.cl\/cpp\/files\/2015\/05\/udd_cpp_prensa_340.png","_links":{"self":[{"href":"https:\/\/gobierno.udd.cl\/cpp\/wp-json\/wp\/v2\/posts\/3506","targetHints":{"allow":["GET"]}}],"collection":[{"href":"https:\/\/gobierno.udd.cl\/cpp\/wp-json\/wp\/v2\/posts"}],"about":[{"href":"https:\/\/gobierno.udd.cl\/cpp\/wp-json\/wp\/v2\/types\/post"}],"author":[{"embeddable":true,"href":"https:\/\/gobierno.udd.cl\/cpp\/wp-json\/wp\/v2\/users\/22"}],"replies":[{"embeddable":true,"href":"https:\/\/gobierno.udd.cl\/cpp\/wp-json\/wp\/v2\/comments?post=3506"}],"version-history":[{"count":3,"href":"https:\/\/gobierno.udd.cl\/cpp\/wp-json\/wp\/v2\/posts\/3506\/revisions"}],"predecessor-version":[{"id":3510,"href":"https:\/\/gobierno.udd.cl\/cpp\/wp-json\/wp\/v2\/posts\/3506\/revisions\/3510"}],"wp:featuredmedia":[{"embeddable":true,"href":"https:\/\/gobierno.udd.cl\/cpp\/wp-json\/wp\/v2\/media\/893"}],"wp:attachment":[{"href":"https:\/\/gobierno.udd.cl\/cpp\/wp-json\/wp\/v2\/media?parent=3506"}],"wp:term":[{"taxonomy":"category","embeddable":true,"href":"https:\/\/gobierno.udd.cl\/cpp\/wp-json\/wp\/v2\/categories?post=3506"},{"taxonomy":"post_tag","embeddable":true,"href":"https:\/\/gobierno.udd.cl\/cpp\/wp-json\/wp\/v2\/tags?post=3506"}],"curies":[{"name":"wp","href":"https:\/\/api.w.org\/{rel}","templated":true}]}}