{"id":3494,"date":"2018-06-05T20:20:01","date_gmt":"2018-06-06T00:20:01","guid":{"rendered":"http:\/\/gobierno.udd.cl\/cpp\/?p=3494"},"modified":"2018-06-05T20:20:01","modified_gmt":"2018-06-06T00:20:01","slug":"analisis-del-tema-de-educacion-y-pensiones-en-cuenta-publica-de-pinera-radio-infinita","status":"publish","type":"post","link":"https:\/\/gobierno.udd.cl\/cpp\/noticias\/2018\/06\/05\/analisis-del-tema-de-educacion-y-pensiones-en-cuenta-publica-de-pinera-radio-infinita\/","title":{"rendered":"An\u00e1lisis del tema de educaci\u00f3n y pensiones en cuenta p\u00fablica de Pi\u00f1era &#8211; Radio Infinita"},"content":{"rendered":"<p style=\"text-align: justify;\">Los analistas Eugenio Guzm\u00e1n y Camilo Feres se refieren a proyecto de financiamiento para la educaci\u00f3n superior que anunci\u00f3 Pi\u00f1era, y a las reformas en ley de pensiones.<\/p>\n<p style=\"text-align: justify;\"><b>Habla:<\/b>\u00a0Eugenio Guzm\u00e1n, decano Facultad de Gobierno\u00a0<span class=\"highlight\">Universidad<\/span>\u00a0<span class=\"highlight\">del<\/span>\u00a0<span class=\"highlight\">Desarrollo<\/span>; Camilo Feres, analista pol\u00edtico; Sebasti\u00e1n Pi\u00f1era, Presidente; Alejandra Arratia, Directora Ejecutiva de Educaci\u00f3n 2010; David Bravo, economista y expresidente de la Comisi\u00f3n Asesora Presidencial<\/p>\n<p style=\"text-align: justify;\"><b>Menci\u00f3n:<\/b>\u00a0<span class=\"highlight\">UDD<\/span>; Frente Amplio; CAE.<\/p>\n<p style=\"text-align: justify;\">PARTE 1<\/p>\n<audio class=\"wp-audio-shortcode\" id=\"audio-3494-1\" preload=\"none\" style=\"width: 100%;\" controls=\"controls\"><source type=\"audio\/mpeg\" src=\"http:\/\/conectamedia.s3.amazonaws.com\/75406696dbdff1f6bbc3e0e586561108.mp3?_=1\" \/><a href=\"http:\/\/conectamedia.s3.amazonaws.com\/75406696dbdff1f6bbc3e0e586561108.mp3\">http:\/\/conectamedia.s3.amazonaws.com\/75406696dbdff1f6bbc3e0e586561108.mp3<\/a><\/audio>\n<p>PARTE 2<\/p>\n<audio class=\"wp-audio-shortcode\" id=\"audio-3494-2\" preload=\"none\" style=\"width: 100%;\" controls=\"controls\"><source type=\"audio\/mpeg\" src=\"http:\/\/conectamedia.s3.amazonaws.com\/4d55ea8f5cd6294789a19150596b2031.mp3?_=2\" \/><a href=\"http:\/\/conectamedia.s3.amazonaws.com\/4d55ea8f5cd6294789a19150596b2031.mp3\">http:\/\/conectamedia.s3.amazonaws.com\/4d55ea8f5cd6294789a19150596b2031.mp3<\/a><\/audio>\n","protected":false},"excerpt":{"rendered":"<p>Los analistas Eugenio Guzm\u00e1n y Camilo Feres se refieren a proyecto de financiamiento para la educaci\u00f3n superior que anunci\u00f3 Pi\u00f1era, y a las reformas en ley de pensiones. Habla:\u00a0Eugenio Guzm\u00e1n, decano Facultad de Gobierno\u00a0Universidad\u00a0del\u00a0Desarrollo; Camilo Feres, analista pol\u00edtico; Sebasti\u00e1n Pi\u00f1era, Presidente; Alejandra Arratia, Directora Ejecutiva de Educaci\u00f3n 2010; David Bravo, economista y expresidente de la [&hellip;]<\/p>\n","protected":false},"author":22,"featured_media":893,"comment_status":"open","ping_status":"open","sticky":false,"template":"","format":"standard","meta":{"footnotes":""},"categories":[10162],"tags":[],"class_list":["post-3494","post","type-post","status-publish","format-standard","has-post-thumbnail","hentry","category-centro-en-la-prensa"],"featured_image_url":"https:\/\/gobierno.udd.cl\/cpp\/files\/2015\/05\/udd_cpp_prensa_340.png","_links":{"self":[{"href":"https:\/\/gobierno.udd.cl\/cpp\/wp-json\/wp\/v2\/posts\/3494","targetHints":{"allow":["GET"]}}],"collection":[{"href":"https:\/\/gobierno.udd.cl\/cpp\/wp-json\/wp\/v2\/posts"}],"about":[{"href":"https:\/\/gobierno.udd.cl\/cpp\/wp-json\/wp\/v2\/types\/post"}],"author":[{"embeddable":true,"href":"https:\/\/gobierno.udd.cl\/cpp\/wp-json\/wp\/v2\/users\/22"}],"replies":[{"embeddable":true,"href":"https:\/\/gobierno.udd.cl\/cpp\/wp-json\/wp\/v2\/comments?post=3494"}],"version-history":[{"count":1,"href":"https:\/\/gobierno.udd.cl\/cpp\/wp-json\/wp\/v2\/posts\/3494\/revisions"}],"predecessor-version":[{"id":3495,"href":"https:\/\/gobierno.udd.cl\/cpp\/wp-json\/wp\/v2\/posts\/3494\/revisions\/3495"}],"wp:featuredmedia":[{"embeddable":true,"href":"https:\/\/gobierno.udd.cl\/cpp\/wp-json\/wp\/v2\/media\/893"}],"wp:attachment":[{"href":"https:\/\/gobierno.udd.cl\/cpp\/wp-json\/wp\/v2\/media?parent=3494"}],"wp:term":[{"taxonomy":"category","embeddable":true,"href":"https:\/\/gobierno.udd.cl\/cpp\/wp-json\/wp\/v2\/categories?post=3494"},{"taxonomy":"post_tag","embeddable":true,"href":"https:\/\/gobierno.udd.cl\/cpp\/wp-json\/wp\/v2\/tags?post=3494"}],"curies":[{"name":"wp","href":"https:\/\/api.w.org\/{rel}","templated":true}]}}