{"id":3481,"date":"2018-05-30T22:20:22","date_gmt":"2018-05-31T02:20:22","guid":{"rendered":"http:\/\/gobierno.udd.cl\/cpp\/?p=3481"},"modified":"2018-05-30T22:25:55","modified_gmt":"2018-05-31T02:25:55","slug":"radiografia-a-los-nini-mas-de-medio-millon-de-jovenes-no-trabajan-ni-estudian-y-casi-40-se-concentra-en-santiago-el-mercurio","status":"publish","type":"post","link":"https:\/\/gobierno.udd.cl\/cpp\/noticias\/2018\/05\/30\/radiografia-a-los-nini-mas-de-medio-millon-de-jovenes-no-trabajan-ni-estudian-y-casi-40-se-concentra-en-santiago-el-mercurio\/","title":{"rendered":"Radiograf\u00eda a los \u00abnini\u00bb: M\u00e1s de medio mill\u00f3n de j\u00f3venes no trabajan ni estudian y casi 40% se concentra en Santiago &#8211; El Mercurio"},"content":{"rendered":"<p style=\"text-align: justify;\">El concepto naci\u00f3 en Inglaterra, en 1999.\u00a0Un informe que alertaba sobre los problemas sociales que las pol\u00edticas p\u00fablicas estaban obviando us\u00f3 por primera vez el acr\u00f3nimo \u00abNEET\u00bb (Not in Education, Employment or Training) para referirse a los j\u00f3venes brit\u00e1nicos fuera tanto del mundo educacional como del laboral.<\/p>\n<p style=\"text-align: justify;\">A ra\u00edz del impacto de la crisis de 2008 en Espa\u00f1a, ese pa\u00eds terminar\u00eda traduciendo la sigla al castellano hace una d\u00e9cada.\u00a0Nac\u00edan as\u00ed los \u00abnini\u00bb, para nombrar a los j\u00f3venes que NI trabajaban NI estudiaban.\u00a0Para los espa\u00f1oles fue un problema cr\u00edtico, sobre todo hacia 2012, cuando la tasa de personas entre 16 y 29 a\u00f1os que estaban en esa condici\u00f3n toc\u00f3 el 25%.<\/p>\n<p style=\"text-align: justify;\">El tema de a poco empieza a preocupar en Chile, donde bajo el paraguas de nini caben desde los j\u00f3venes vulnerables excluidos de la educaci\u00f3n formal y del trabajo hasta aquellos m\u00e1s afortunados que deciden darse un a\u00f1o sab\u00e1tico para viajar antes de ingresar a la educaci\u00f3n superior o a su primer empleo.<\/p>\n<p style=\"text-align: justify;\">Para intentar perfilar al nini chileno, la consultora ActitudLab analiz\u00f3 las estad\u00edsticas sociodemogr\u00e1ficas de fuentes p\u00fablicas disponibles y elabor\u00f3 una completa radiograf\u00eda del fen\u00f3meno, que ser\u00e1 presentada la pr\u00f3xima semana. En ella cifra en 545.654 la cantidad de j\u00f3venes de 15 a 29 a\u00f1os que no trabaja ni estudia, equivalentes al 18% de ese grupo etario.\u00a0Lo m\u00e1s revelador: casi el 80% de ellos pertenece a los grupos m\u00e1s vulnerables de la sociedad.<\/p>\n<p style=\"text-align: justify;\"><strong>Vinculando mundos<\/strong><\/p>\n<p style=\"text-align: justify;\">\u00abHay un joven que no estudia ni trabaja en una de cada 12 viviendas del pa\u00eds. Si guardamos un minuto de silencio por cada uno de ellos, estar\u00edamos m\u00e1s de un a\u00f1o en silencio.\u00a0Y podr\u00edamos llenar m\u00e1s de 11 veces el Estadio Nacional\u00bb, grafica Sebasti\u00e1n Err\u00e1zuriz, director fundador de ActitudLab, firma que est\u00e1 certificada como empresa B.<\/p>\n<p style=\"text-align: justify;\">El tema apasiona a Err\u00e1zuriz, cuya empresa se dedica a apoyar a las compa\u00f1\u00edas que desean acercarse a los colegios por la v\u00eda de charlas de apresto laboral, impactando a m\u00e1s de 50 mil personas en los \u00faltimos cinco a\u00f1os.<\/p>\n<p style=\"text-align: justify;\">El a\u00f1o pasado particip\u00f3 en los encuentros \u00ab3xi\u00bb impulsados por la Confederaci\u00f3n de la Producci\u00f3n y el Comercio (CPC) con el fin de hacer dialogar a las empresas tradicionales, las empresas B y las fundaciones de la sociedad civil sobre los desaf\u00edos del pa\u00eds para buscar c\u00f3mo contribuir.\u00a0Ah\u00ed, conversando en el contexto de la crisis del Sename y la desconexi\u00f3n que percibe en Chile entre el mundo de la empresa y el de la educaci\u00f3n pudo notar que en el fen\u00f3meno nini confluyen varios de los temas m\u00e1s cr\u00edticos del pa\u00eds.<\/p>\n<p style=\"text-align: justify;\">Una parte relevante de las mujeres j\u00f3venes en esta condici\u00f3n abandonaron los estudios empujadas por un embarazo a edad temprana.\u00a0Para un grupo relevante de estos j\u00f3venes existe un alto riesgo de terminar en la calle, la delincuencia o la droga.\u00a0Y, quiz\u00e1s lo m\u00e1s dram\u00e1tico, hay una alta probabilidad de que los hijos de un joven nini repitan la misma trayectoria, por la falta de un modelo o de un entorno que valore el estudio y el trabajo.<\/p>\n<p style=\"text-align: justify;\">\u00abEste fen\u00f3meno exacerba la desigualdad y obstruye las probabilidades de salir de la pobreza en el largo plazo. Como sociedad, no podemos ser indiferentes.\u00a0Los riesgos sociales aparejados a no estudiar ni trabajar son gigantes\u00bb, enfatiza.<\/p>\n<p style=\"text-align: justify;\">En los di\u00e1logos \u00ab3xi\u00bb observ\u00f3 que en el mundo civil s\u00ed existe inter\u00e9s por el tema, pero no siempre se sabe c\u00f3mo aportar.\u00a0En parte, eso motiv\u00f3 que pusiera a todo ActitudLab a trabajar en la radiograf\u00eda que se presentar\u00e1 la pr\u00f3xima semana y que \u00abmapea\u00bb el fen\u00f3meno de los nini a nivel nacional, pero con foco especial en seis regiones, donde hay m\u00e1s probabilidades de involucrar al mundo privado en la soluci\u00f3n: Antofagasta, Valpara\u00edso, Metropolitana, Biob\u00edo, Los R\u00edos y Los Lagos.<\/p>\n<p style=\"text-align: justify;\">El informe, que cuenta con un pr\u00f3logo de Harald Beyer y las opiniones de diversos especialistas (ver frases destacadas), muestra que la realidad chilena no es tan diferente en este aspecto de la de Am\u00e9rica Latina, donde se estima que un quinto de los j\u00f3venes califica como nini.<\/p>\n<p style=\"text-align: justify;\">Adem\u00e1s, lanza una serie de propuestas a partir de experiencias positivas en Chile y el extranjero, para invitar al sector p\u00fablico y al privado a colaborar en reducir esta cifra.<\/p>\n<p style=\"text-align: justify;\"><strong>Lanzar el desaf\u00edo<\/strong><\/p>\n<p style=\"text-align: justify;\">Un cap\u00edtulo entero del documento se dedica a revisar las pol\u00edticas p\u00fablicas que intentan abordar el tema. \u00abUna sorpresa fue constatar que Chile no tiene ninguna pol\u00edtica p\u00fablica dise\u00f1ada \u00fanica y exclusivamente para este segmento de j\u00f3venes\u00bb, afirma Err\u00e1zuriz. El an\u00e1lisis del informe es que las medidas que existen atacan los s\u00edntomas del fen\u00f3meno nini, pero no sus causas: \u00abEl Estado llega tarde cuando gasta much\u00edsimo en acceso a la educaci\u00f3n universitaria, o en planes proempleo o en los centros del Sename. Las pol\u00edticas p\u00fablicas deben apuntar a los primeros a\u00f1os de educaci\u00f3n y fomentar las habilidades socioemocionales en los ni\u00f1os\u00bb.<\/p>\n<p style=\"text-align: justify;\">Est\u00e1 convencido de que ninguna pol\u00edtica p\u00fablica ser\u00e1 efectiva sin el apoyo de las empresas: \u00abPodr\u00edamos construir una sociedad radicalmente distinta si vinculamos a la empresa con la educaci\u00f3n. No es dif\u00edcil: una forma es abrir las puertas de las empresas un d\u00eda al a\u00f1o para que los chiquillos de tercero o cuarto medio las visiten.\u00a0O charlas de apresto laboral que los gerentes hagan en los colegios para contarles c\u00f3mo fue su primer empleo, c\u00f3mo es trabajar en lo que les gusta, c\u00f3mo se enfrenta una entrevista laboral, c\u00f3mo se hace un curr\u00edculum&#8230;\u00a0Los ni\u00f1os necesitan modelos y desde las empresas, en buen chileno, les podemos mostrar que trabajar es la raja\u00bb.<\/p>\n<p style=\"text-align: justify;\">De hecho, el lanzamiento del informe, en el edificio de la Sofofa, estar\u00e1 acompa\u00f1ado por una convocatoria a un desaf\u00edo: que las empresas se comprometan a reducir en 30% los nini en Chile al a\u00f1o 2020, una medida que acercar\u00eda la tasa de desempleo juvenil de Alemania y que agregar\u00eda 3,7 puntos de crecimiento al PIB nacional.<\/p>\n<p style=\"text-align: justify;\">\u00abEste es un llamado a las empresas; queremos que cada una vea c\u00f3mo contribuye a hacerse cargo de un problema social y que no es tan dif\u00edcil de enfrentar\u00bb, asegura.<\/p>\n<p><a href=\"https:\/\/goo.gl\/AdLR74\" target=\"_blank\" rel=\"attachment wp-att-3482\"><img loading=\"lazy\" decoding=\"async\" class=\"size-medium wp-image-3482 aligncenter\" src=\"http:\/\/gobierno.udd.cl\/cpp\/files\/2018\/05\/2018-05-26_impresa.elmercurio.com_MERSTVA004VV2605_1100-215x300.png\" alt=\"2018-05-26_impresa.elmercurio.com_MERSTVA004VV2605_1100\" width=\"215\" height=\"300\" srcset=\"https:\/\/gobierno.udd.cl\/cpp\/files\/2018\/05\/2018-05-26_impresa.elmercurio.com_MERSTVA004VV2605_1100-215x300.png 215w, https:\/\/gobierno.udd.cl\/cpp\/files\/2018\/05\/2018-05-26_impresa.elmercurio.com_MERSTVA004VV2605_1100-768x1073.png 768w, https:\/\/gobierno.udd.cl\/cpp\/files\/2018\/05\/2018-05-26_impresa.elmercurio.com_MERSTVA004VV2605_1100-733x1024.png 733w, https:\/\/gobierno.udd.cl\/cpp\/files\/2018\/05\/2018-05-26_impresa.elmercurio.com_MERSTVA004VV2605_1100-687x960.png 687w\" sizes=\"auto, (max-width: 215px) 100vw, 215px\" \/><\/a><\/p>\n","protected":false},"excerpt":{"rendered":"<p>El 63% son mujeres, el 80% pertenece a los sectores socioecon\u00f3micos m\u00e1s vulnerables y muchos de ellos son hijos de padres nini. Un desaf\u00edo social que un empresario B decidi\u00f3 asumir como bandera de lucha para movilizar tanto al sector privado como al p\u00fablico.<\/p>\n","protected":false},"author":22,"featured_media":893,"comment_status":"open","ping_status":"open","sticky":false,"template":"","format":"standard","meta":{"footnotes":""},"categories":[10162],"tags":[],"class_list":["post-3481","post","type-post","status-publish","format-standard","has-post-thumbnail","hentry","category-centro-en-la-prensa"],"featured_image_url":"https:\/\/gobierno.udd.cl\/cpp\/files\/2015\/05\/udd_cpp_prensa_340.png","_links":{"self":[{"href":"https:\/\/gobierno.udd.cl\/cpp\/wp-json\/wp\/v2\/posts\/3481","targetHints":{"allow":["GET"]}}],"collection":[{"href":"https:\/\/gobierno.udd.cl\/cpp\/wp-json\/wp\/v2\/posts"}],"about":[{"href":"https:\/\/gobierno.udd.cl\/cpp\/wp-json\/wp\/v2\/types\/post"}],"author":[{"embeddable":true,"href":"https:\/\/gobierno.udd.cl\/cpp\/wp-json\/wp\/v2\/users\/22"}],"replies":[{"embeddable":true,"href":"https:\/\/gobierno.udd.cl\/cpp\/wp-json\/wp\/v2\/comments?post=3481"}],"version-history":[{"count":3,"href":"https:\/\/gobierno.udd.cl\/cpp\/wp-json\/wp\/v2\/posts\/3481\/revisions"}],"predecessor-version":[{"id":3485,"href":"https:\/\/gobierno.udd.cl\/cpp\/wp-json\/wp\/v2\/posts\/3481\/revisions\/3485"}],"wp:featuredmedia":[{"embeddable":true,"href":"https:\/\/gobierno.udd.cl\/cpp\/wp-json\/wp\/v2\/media\/893"}],"wp:attachment":[{"href":"https:\/\/gobierno.udd.cl\/cpp\/wp-json\/wp\/v2\/media?parent=3481"}],"wp:term":[{"taxonomy":"category","embeddable":true,"href":"https:\/\/gobierno.udd.cl\/cpp\/wp-json\/wp\/v2\/categories?post=3481"},{"taxonomy":"post_tag","embeddable":true,"href":"https:\/\/gobierno.udd.cl\/cpp\/wp-json\/wp\/v2\/tags?post=3481"}],"curies":[{"name":"wp","href":"https:\/\/api.w.org\/{rel}","templated":true}]}}